{"id":13232,"date":"2022-10-25T19:26:32","date_gmt":"2022-10-25T17:26:32","guid":{"rendered":"https:\/\/agora.xtec.cat\/ceip-jruyra-l-h\/?p=13232"},"modified":"2025-02-16T12:24:37","modified_gmt":"2025-02-16T11:24:37","slug":"aprenem-sobre-eclipsis-amb-platero-y-yo","status":"publish","type":"post","link":"https:\/\/agora.xtec.cat\/ceip-jruyra-l-h\/general\/aprenem-sobre-eclipsis-amb-platero-y-yo\/","title":{"rendered":"Aprenem sobre ECLIPSIS amb &#8220;Platero y yo&#8221;!"},"content":{"rendered":"<p>Hola a tothom!<\/p>\n<p><img loading=\"lazy\" decoding=\"async\" class=\"alignright wp-image-13233 size-medium\" src=\"https:\/\/agora.xtec.cat\/ceip-jruyra-l-h\/wp-content\/uploads\/usu2049\/2022\/10\/WhatsApp-Image-2022-10-25-at-6.33.39-PM-249x300.jpeg\" alt=\"\" width=\"249\" height=\"300\" srcset=\"https:\/\/agora.xtec.cat\/ceip-jruyra-l-h\/wp-content\/uploads\/usu2049\/2022\/10\/WhatsApp-Image-2022-10-25-at-6.33.39-PM-249x300.jpeg 249w, https:\/\/agora.xtec.cat\/ceip-jruyra-l-h\/wp-content\/uploads\/usu2049\/2022\/10\/WhatsApp-Image-2022-10-25-at-6.33.39-PM.jpeg 660w\" sizes=\"auto, (max-width: 249px) 100vw, 249px\" \/><\/p>\n<p>Els i les alumnes de 3r de prim\u00e0ria estem molt emocionats llegint el llibre &#8220;Platero y yo&#8221; a les tert\u00falies liter\u00e0ries que fem a l&#8217;escola.<\/p>\n<p>En un dels cap\u00edtols, Juan Ram\u00f3n Jim\u00e9nez, ens ha parlat d&#8217;un eclipsi total. Hem parlat sobre l&#8217;Univers, els forats negres, els meteorits i els estels. I a m\u00e9s a m\u00e9s, gr\u00e0cies a aix\u00f2, hem pogut saber que avui, dia 25 d&#8217;octubre del 2022, s&#8217;ha produ\u00eft un petit eclipsi parcial, que hem pogut veure en v\u00eddeo mitjan\u00e7ant una retransmissi\u00f3 en directe per la Universitat Polit\u00e8cnica de Barcelona.<\/p>\n<p>La lluna s&#8217;ha interposat entre el Sol i la Terra i ha projectat una ombra molt petita del nostre planeta sobre el Sol. Aquest eclipsi ha estat com una mossegadeta a la circumfer\u00e8ncia solar, per\u00f2 hem estat molt emocionats veient-lo en pantalla.<\/p>\n<p>&nbsp;<\/p>\n<p>Us deixem el v\u00eddeo, per si alg\u00fa se l&#8217;ha perdut!<\/p>\n<p><iframe loading=\"lazy\" title=\"Eclipsi SOLAR\" width=\"500\" height=\"281\" src=\"https:\/\/www.youtube.com\/embed\/gcK1Sgpltmg?feature=oembed\" frameborder=\"0\" allow=\"accelerometer; autoplay; clipboard-write; encrypted-media; gyroscope; picture-in-picture; web-share\" referrerpolicy=\"strict-origin-when-cross-origin\" allowfullscreen><\/iframe><\/p>\n<p>&nbsp;<\/p>\n<p>&nbsp;<\/p>\n<p>&nbsp;<\/p>\n","protected":false},"excerpt":{"rendered":"<p>Hola a tothom!<\/p>\n<p>Els i les alumnes de 3r de prim\u00e0ria estem molt emocionats llegint el llibre &#8220;Platero y yo&#8221; a les tert\u00falies liter\u00e0ries que fem a l&#8217;escola.<br \/>\nEn un dels cap\u00edtols, Juan Ram\u00f3n Jim\u00e9nez, ens ha parlat d&#8217;un eclipsi total. Hem parlat sobre l&#8217;Univers, els forats&hellip;  <a href=\"https:\/\/agora.xtec.cat\/ceip-jruyra-l-h\/general\/aprenem-sobre-eclipsis-amb-platero-y-yo\/\" title=\"Read Aprenem sobre ECLIPSIS amb &#8220;Platero y yo&#8221;!\">Llegeix m\u00e9s\u00bb<\/a><\/p>\n","protected":false},"author":5,"featured_media":13233,"comment_status":"open","ping_status":"closed","sticky":false,"template":"","format":"standard","meta":{"_bbp_topic_count":0,"_bbp_reply_count":0,"_bbp_total_topic_count":0,"_bbp_total_reply_count":0,"_bbp_voice_count":0,"_bbp_anonymous_reply_count":0,"_bbp_topic_count_hidden":0,"_bbp_reply_count_hidden":0,"_bbp_forum_subforum_count":0,"footnotes":""},"categories":[12,60,1,4],"tags":[71,83,63],"class_list":["post-13232","post","type-post","status-publish","format-standard","has-post-thumbnail","hentry","category-3r","category-cdaxarxa","category-general","category-portada","tag-actuacions-educatives-dexit","tag-comunitats-daprenentatge","tag-tertulies-dialogiques"],"post_mailing_queue_ids":[],"_links":{"self":[{"href":"https:\/\/agora.xtec.cat\/ceip-jruyra-l-h\/wp-json\/wp\/v2\/posts\/13232","targetHints":{"allow":["GET"]}}],"collection":[{"href":"https:\/\/agora.xtec.cat\/ceip-jruyra-l-h\/wp-json\/wp\/v2\/posts"}],"about":[{"href":"https:\/\/agora.xtec.cat\/ceip-jruyra-l-h\/wp-json\/wp\/v2\/types\/post"}],"author":[{"embeddable":true,"href":"https:\/\/agora.xtec.cat\/ceip-jruyra-l-h\/wp-json\/wp\/v2\/users\/5"}],"replies":[{"embeddable":true,"href":"https:\/\/agora.xtec.cat\/ceip-jruyra-l-h\/wp-json\/wp\/v2\/comments?post=13232"}],"version-history":[{"count":2,"href":"https:\/\/agora.xtec.cat\/ceip-jruyra-l-h\/wp-json\/wp\/v2\/posts\/13232\/revisions"}],"predecessor-version":[{"id":13235,"href":"https:\/\/agora.xtec.cat\/ceip-jruyra-l-h\/wp-json\/wp\/v2\/posts\/13232\/revisions\/13235"}],"wp:featuredmedia":[{"embeddable":true,"href":"https:\/\/agora.xtec.cat\/ceip-jruyra-l-h\/wp-json\/wp\/v2\/media\/13233"}],"wp:attachment":[{"href":"https:\/\/agora.xtec.cat\/ceip-jruyra-l-h\/wp-json\/wp\/v2\/media?parent=13232"}],"wp:term":[{"taxonomy":"category","embeddable":true,"href":"https:\/\/agora.xtec.cat\/ceip-jruyra-l-h\/wp-json\/wp\/v2\/categories?post=13232"},{"taxonomy":"post_tag","embeddable":true,"href":"https:\/\/agora.xtec.cat\/ceip-jruyra-l-h\/wp-json\/wp\/v2\/tags?post=13232"}],"curies":[{"name":"wp","href":"https:\/\/api.w.org\/{rel}","templated":true}]}}