{"id":13221,"date":"2022-10-26T16:06:50","date_gmt":"2022-10-26T14:06:50","guid":{"rendered":"https:\/\/agora.xtec.cat\/ceip-jruyra-l-h\/?p=13221"},"modified":"2022-10-25T16:07:11","modified_gmt":"2022-10-25T14:07:11","slug":"p4a-i-p4b-sortida-a-can-montcau","status":"publish","type":"post","link":"https:\/\/agora.xtec.cat\/ceip-jruyra-l-h\/infantil\/i4\/p4a-i-p4b-sortida-a-can-montcau\/","title":{"rendered":"P4A i P4B: Sortida a Can Montcau"},"content":{"rendered":"<p><a href=\"https:\/\/agora.xtec.cat\/ceip-jruyra-l-h\/wp-content\/uploads\/usu2049\/2022\/10\/20221018_120922.jpg\"><img loading=\"lazy\" decoding=\"async\" class=\"alignnone size-large wp-image-13222\" src=\"https:\/\/agora.xtec.cat\/ceip-jruyra-l-h\/wp-content\/uploads\/usu2049\/2022\/10\/20221018_120922-1024x768.jpg\" alt=\"\" width=\"1024\" height=\"768\" srcset=\"https:\/\/agora.xtec.cat\/ceip-jruyra-l-h\/wp-content\/uploads\/usu2049\/2022\/10\/20221018_120922-1024x768.jpg 1024w, https:\/\/agora.xtec.cat\/ceip-jruyra-l-h\/wp-content\/uploads\/usu2049\/2022\/10\/20221018_120922-300x225.jpg 300w, https:\/\/agora.xtec.cat\/ceip-jruyra-l-h\/wp-content\/uploads\/usu2049\/2022\/10\/20221018_120922-768x576.jpg 768w, https:\/\/agora.xtec.cat\/ceip-jruyra-l-h\/wp-content\/uploads\/usu2049\/2022\/10\/20221018_120922-1536x1152.jpg 1536w, https:\/\/agora.xtec.cat\/ceip-jruyra-l-h\/wp-content\/uploads\/usu2049\/2022\/10\/20221018_120922-200x150.jpg 200w, https:\/\/agora.xtec.cat\/ceip-jruyra-l-h\/wp-content\/uploads\/usu2049\/2022\/10\/20221018_120922.jpg 2016w\" sizes=\"auto, (max-width: 1024px) 100vw, 1024px\" \/><\/a><\/p>\n<p>Arriba la primera sortida del curs i els nens i les nenes de P4 marxen a la Casa de Col\u00f2nies de Can Montcau!!<\/p>\n<p>Despr\u00e9s d\u2019un viatge molt emocionant i divertit en autocar, arribem a la casa i agafem forces per les activitats que farem amb un bon esmorzar entre amics i amigues.<\/p>\n<p>I ens posem en marxa pel bosc! Aprenem que les castanyes creixen a dins d\u2019un pell\u00f3 i que en ell, en surten 3, dues de grans i una petita al mig. Despr\u00e9s descobrim els castanyers i busquem castanyes pel terra per recol\u00b7lectar-les, hem agafat moltes i m\u00e9s tard les menjarem torrades!<\/p>\n<p>Despr\u00e9s d\u2019aquesta cerca de castanyes veiem una cabana en mig del bosc&#8230;ens apropem i all\u00e0 trobem a la Maria la Castanyera!! Est\u00e0 adormida i l\u2019hem de despertar entre tots i totes. Quan desperta ens ensenya la seva casa i ens parla de com agafa castanyes per vendre-les als pobles i ciutats. L\u2019ajudem a cantar i ballar la seva can\u00e7\u00f3&#8230;quan ve el temps de menjar castanyes, la castanyera, la castanyeeera&#8230;.<\/p>\n<p>Caminem i caminem i anem trobant bolets, pinyes, aglans&#8230;trobem moltes coses molt interessants pel cam\u00ed! Aprenem els noms de diferents arbres i els fruits que donen i arribem a un gran menjador per fer panellets entre tots i totes!!<\/p>\n<p>Primer aprenem sobre els ingredients que hem de fer servir, ens expliquen com fer la massa i despr\u00e9s comencem a fer boles per fer-los. Hem fet d\u2019ametlla, de xocolata i de cirera confitada&#8230;ha sigut tan divertit!!<\/p>\n<p>Despr\u00e9s descobrim com ser\u00e0 el forn tradicional on cuinarem els panellets i les castanyes i anem a dinar mentre tot es cuina i s\u2019escalfa b\u00e9 al foc. Gaudim d\u2019un dinar i un descans ben merescut i juguem pels voltants&#8230;a c\u00f3rrer, a agafar pals, a pintar a la sorra, a buscar fulles, aglans&#8230;ens encanta el bosc!<\/p>\n<p>La Maria la Castanyera ja ens ha torrat les castanyes i els panellets i la tornem a trobar per menjar totes les castanyes i per agafar els nostres panellets que portarem a casa per compartir amb la fam\u00edlia.<\/p>\n<p>Ja arriba l\u2019hora de tornar a l\u2019escola en autocar per\u00f2 ja estem tan cansats i cansades que no hi ha moltes can\u00e7ons ni nervis sin\u00f3 que fem una gran migdiada ben llarga somiant amb la Maria la Castanyera i totes les aventures que hem viscut al bosc.<\/p>\n<p>Per veure les fotos d\u2019aquesta sortida, cliqueu en els seg\u00fcents enlla\u00e7os de cada classe:<\/p>\n<p>P4A Classe dels Llapis:\u00a0<a href=\"https:\/\/drive.google.com\/drive\/folders\/1Q47aIMK9vqSYNSSkhMyQZI05pEgz6IuM?usp=sharing\">https:\/\/drive.google.com\/drive\/folders\/1Q47aIMK9vqSYNSSkhMyQZI05pEgz6IuM?usp=sharing<\/a><\/p>\n<p>P4B Classe de les Paletes:\u00a0<a href=\"https:\/\/drive.google.com\/drive\/folders\/13e_I6WiKg2dIKvsDIGZ0aAoXKICJIOrA?usp=sharing\">https:\/\/drive.google.com\/drive\/folders\/13e_I6WiKg2dIKvsDIGZ0aAoXKICJIOrA?usp=sharing<\/a><\/p>\n","protected":false},"excerpt":{"rendered":"<p><a href=\"https:\/\/agora.xtec.cat\/ceip-jruyra-l-h\/wp-content\/uploads\/usu2049\/2022\/10\/20221018_120922.jpg\"><\/a><br \/>\nArriba la primera sortida del curs i els nens i les nenes de P4 marxen a la Casa de Col\u00f2nies de Can Montcau!!<br \/>\nDespr\u00e9s d\u2019un viatge molt emocionant i divertit en autocar, arribem a la casa i agafem forces per les activitats que farem amb&hellip;  <a href=\"https:\/\/agora.xtec.cat\/ceip-jruyra-l-h\/infantil\/i4\/p4a-i-p4b-sortida-a-can-montcau\/\" title=\"Read P4A i P4B: Sortida a Can Montcau\">Llegeix m\u00e9s\u00bb<\/a><\/p>\n","protected":false},"author":37,"featured_media":13222,"comment_status":"open","ping_status":"closed","sticky":false,"template":"","format":"standard","meta":{"_bbp_topic_count":0,"_bbp_reply_count":0,"_bbp_total_topic_count":0,"_bbp_total_reply_count":0,"_bbp_voice_count":0,"_bbp_anonymous_reply_count":0,"_bbp_topic_count_hidden":0,"_bbp_reply_count_hidden":0,"_bbp_forum_subforum_count":0,"footnotes":""},"categories":[8],"tags":[],"class_list":["post-13221","post","type-post","status-publish","format-standard","has-post-thumbnail","hentry","category-i4"],"post_mailing_queue_ids":[],"_links":{"self":[{"href":"https:\/\/agora.xtec.cat\/ceip-jruyra-l-h\/wp-json\/wp\/v2\/posts\/13221","targetHints":{"allow":["GET"]}}],"collection":[{"href":"https:\/\/agora.xtec.cat\/ceip-jruyra-l-h\/wp-json\/wp\/v2\/posts"}],"about":[{"href":"https:\/\/agora.xtec.cat\/ceip-jruyra-l-h\/wp-json\/wp\/v2\/types\/post"}],"author":[{"embeddable":true,"href":"https:\/\/agora.xtec.cat\/ceip-jruyra-l-h\/wp-json\/wp\/v2\/users\/37"}],"replies":[{"embeddable":true,"href":"https:\/\/agora.xtec.cat\/ceip-jruyra-l-h\/wp-json\/wp\/v2\/comments?post=13221"}],"version-history":[{"count":1,"href":"https:\/\/agora.xtec.cat\/ceip-jruyra-l-h\/wp-json\/wp\/v2\/posts\/13221\/revisions"}],"predecessor-version":[{"id":13223,"href":"https:\/\/agora.xtec.cat\/ceip-jruyra-l-h\/wp-json\/wp\/v2\/posts\/13221\/revisions\/13223"}],"wp:featuredmedia":[{"embeddable":true,"href":"https:\/\/agora.xtec.cat\/ceip-jruyra-l-h\/wp-json\/wp\/v2\/media\/13222"}],"wp:attachment":[{"href":"https:\/\/agora.xtec.cat\/ceip-jruyra-l-h\/wp-json\/wp\/v2\/media?parent=13221"}],"wp:term":[{"taxonomy":"category","embeddable":true,"href":"https:\/\/agora.xtec.cat\/ceip-jruyra-l-h\/wp-json\/wp\/v2\/categories?post=13221"},{"taxonomy":"post_tag","embeddable":true,"href":"https:\/\/agora.xtec.cat\/ceip-jruyra-l-h\/wp-json\/wp\/v2\/tags?post=13221"}],"curies":[{"name":"wp","href":"https:\/\/api.w.org\/{rel}","templated":true}]}}