{"id":13216,"date":"2022-10-27T16:04:45","date_gmt":"2022-10-27T14:04:45","guid":{"rendered":"https:\/\/agora.xtec.cat\/ceip-jruyra-l-h\/?p=13216"},"modified":"2022-10-25T16:06:37","modified_gmt":"2022-10-25T14:06:37","slug":"p3a-el-cap-de-setmana-de-lelias-i-la-maeva","status":"publish","type":"post","link":"https:\/\/agora.xtec.cat\/ceip-jruyra-l-h\/infantil\/i3\/p3a-el-cap-de-setmana-de-lelias-i-la-maeva\/","title":{"rendered":"P3A: EL CAP DE SETMANA DE L\u2019ELIAS I LA MAEVA"},"content":{"rendered":"<p>Hola fam\u00edlies. La setmana passada, els nostres companys de la classe dels pinzells l\u2019Elias i la Maeva van explicar el que havien fet els cap de setmana. Les seves fam\u00edlies ens van enviar unes fotos i v\u00eddeos per ensenyar a l\u2019aula a la resta dels alumnes.<\/p>\n<p><a href=\"https:\/\/agora.xtec.cat\/ceip-jruyra-l-h\/wp-content\/uploads\/usu2049\/2022\/10\/8-rotated.jpg\"><img loading=\"lazy\" decoding=\"async\" class=\"alignnone size-large wp-image-13217\" src=\"https:\/\/agora.xtec.cat\/ceip-jruyra-l-h\/wp-content\/uploads\/usu2049\/2022\/10\/8-768x1024.jpg\" alt=\"\" width=\"768\" height=\"1024\" srcset=\"https:\/\/agora.xtec.cat\/ceip-jruyra-l-h\/wp-content\/uploads\/usu2049\/2022\/10\/8-768x1024.jpg 768w, https:\/\/agora.xtec.cat\/ceip-jruyra-l-h\/wp-content\/uploads\/usu2049\/2022\/10\/8-225x300.jpg 225w, https:\/\/agora.xtec.cat\/ceip-jruyra-l-h\/wp-content\/uploads\/usu2049\/2022\/10\/8-1152x1536.jpg 1152w, https:\/\/agora.xtec.cat\/ceip-jruyra-l-h\/wp-content\/uploads\/usu2049\/2022\/10\/8-rotated.jpg 1254w\" sizes=\"auto, (max-width: 768px) 100vw, 768px\" \/><\/a><\/p>\n<p>La Maeva ens va explicar que havia anat amb la seva mare i el seu germ\u00e0 Kylian (que tamb\u00e9 assisteix a la nostra escola) de passeig i van estar jugant amb una pantalla interactiva al terra que sortien figures i dibuixos molt divertits. Es tracta del centre comercial de Las Arenas per si alg\u00fa vol anar. Aqu\u00ed us penjo l&#8217;enlla\u00e7.<\/p>\n<p><a href=\"https:\/\/drive.google.com\/drive\/folders\/1Q-1Z5LJU0rjtVA75LO4tX2JVXAF76DMQ?usp=sharing\">https:\/\/drive.google.com\/drive\/folders\/1Q-1Z5LJU0rjtVA75LO4tX2JVXAF76DMQ?usp=sharing<\/a><\/p>\n<p><a href=\"https:\/\/agora.xtec.cat\/ceip-jruyra-l-h\/wp-content\/uploads\/usu2049\/2022\/10\/3-1-rotated.jpg\"><img loading=\"lazy\" decoding=\"async\" class=\"alignnone size-large wp-image-13218\" src=\"https:\/\/agora.xtec.cat\/ceip-jruyra-l-h\/wp-content\/uploads\/usu2049\/2022\/10\/3-1-768x1024.jpg\" alt=\"\" width=\"768\" height=\"1024\" srcset=\"https:\/\/agora.xtec.cat\/ceip-jruyra-l-h\/wp-content\/uploads\/usu2049\/2022\/10\/3-1-768x1024.jpg 768w, https:\/\/agora.xtec.cat\/ceip-jruyra-l-h\/wp-content\/uploads\/usu2049\/2022\/10\/3-1-225x300.jpg 225w, https:\/\/agora.xtec.cat\/ceip-jruyra-l-h\/wp-content\/uploads\/usu2049\/2022\/10\/3-1-1152x1536.jpg 1152w, https:\/\/agora.xtec.cat\/ceip-jruyra-l-h\/wp-content\/uploads\/usu2049\/2022\/10\/3-1-rotated.jpg 1254w\" sizes=\"auto, (max-width: 768px) 100vw, 768px\" \/><\/a><\/p>\n<p>L\u2019Elias ens va explicar que havia anat a jugar al parc amb el seu germ\u00e0 l&#8217;Elian. El seu germ\u00e0 tamb\u00e9 assisteix a l\u2019escola. Surten jugant a futbol, que \u00e9s un esport que els agrada molt i tamb\u00e9 que t\u00e9 una germana petita que encara no va a l\u2019escola que es diu Cataleya.\u00a0 Aqu\u00ed us deixo l\u2019enlla\u00e7.<\/p>\n<p><a href=\"https:\/\/drive.google.com\/drive\/folders\/1SOi-szyqrcDUn1eTNDBKsrN5TiMH3WRx?usp=sharing\">https:\/\/drive.google.com\/drive\/folders\/1SOi-szyqrcDUn1eTNDBKsrN5TiMH3WRx?usp=sharing<\/a><\/p>\n<p>Tots dos ho van explicar super b\u00e9. A tothom ens va agradar. Gr\u00e0cies a les seves fam\u00edlies per la seva col\u00b7laboraci\u00f3.<\/p>\n","protected":false},"excerpt":{"rendered":"<p>Hola fam\u00edlies. La setmana passada, els nostres companys de la classe dels pinzells l\u2019Elias i la Maeva van explicar el que havien fet els cap de setmana. Les seves fam\u00edlies ens van enviar unes fotos i v\u00eddeos per ensenyar a l\u2019aula a la resta dels&hellip;  <a href=\"https:\/\/agora.xtec.cat\/ceip-jruyra-l-h\/infantil\/i3\/p3a-el-cap-de-setmana-de-lelias-i-la-maeva\/\" title=\"Read P3A: EL CAP DE SETMANA DE L\u2019ELIAS I LA MAEVA\">Llegeix m\u00e9s\u00bb<\/a><\/p>\n","protected":false},"author":1,"featured_media":13217,"comment_status":"open","ping_status":"closed","sticky":false,"template":"","format":"standard","meta":{"_bbp_topic_count":0,"_bbp_reply_count":0,"_bbp_total_topic_count":0,"_bbp_total_reply_count":0,"_bbp_voice_count":0,"_bbp_anonymous_reply_count":0,"_bbp_topic_count_hidden":0,"_bbp_reply_count_hidden":0,"_bbp_forum_subforum_count":0,"footnotes":""},"categories":[3],"tags":[],"class_list":["post-13216","post","type-post","status-publish","format-standard","has-post-thumbnail","hentry","category-i3"],"post_mailing_queue_ids":[],"_links":{"self":[{"href":"https:\/\/agora.xtec.cat\/ceip-jruyra-l-h\/wp-json\/wp\/v2\/posts\/13216","targetHints":{"allow":["GET"]}}],"collection":[{"href":"https:\/\/agora.xtec.cat\/ceip-jruyra-l-h\/wp-json\/wp\/v2\/posts"}],"about":[{"href":"https:\/\/agora.xtec.cat\/ceip-jruyra-l-h\/wp-json\/wp\/v2\/types\/post"}],"author":[{"embeddable":true,"href":"https:\/\/agora.xtec.cat\/ceip-jruyra-l-h\/wp-json\/wp\/v2\/users\/1"}],"replies":[{"embeddable":true,"href":"https:\/\/agora.xtec.cat\/ceip-jruyra-l-h\/wp-json\/wp\/v2\/comments?post=13216"}],"version-history":[{"count":2,"href":"https:\/\/agora.xtec.cat\/ceip-jruyra-l-h\/wp-json\/wp\/v2\/posts\/13216\/revisions"}],"predecessor-version":[{"id":13230,"href":"https:\/\/agora.xtec.cat\/ceip-jruyra-l-h\/wp-json\/wp\/v2\/posts\/13216\/revisions\/13230"}],"wp:featuredmedia":[{"embeddable":true,"href":"https:\/\/agora.xtec.cat\/ceip-jruyra-l-h\/wp-json\/wp\/v2\/media\/13217"}],"wp:attachment":[{"href":"https:\/\/agora.xtec.cat\/ceip-jruyra-l-h\/wp-json\/wp\/v2\/media?parent=13216"}],"wp:term":[{"taxonomy":"category","embeddable":true,"href":"https:\/\/agora.xtec.cat\/ceip-jruyra-l-h\/wp-json\/wp\/v2\/categories?post=13216"},{"taxonomy":"post_tag","embeddable":true,"href":"https:\/\/agora.xtec.cat\/ceip-jruyra-l-h\/wp-json\/wp\/v2\/tags?post=13216"}],"curies":[{"name":"wp","href":"https:\/\/api.w.org\/{rel}","templated":true}]}}