{"id":13203,"date":"2022-10-24T13:24:46","date_gmt":"2022-10-24T11:24:46","guid":{"rendered":"https:\/\/agora.xtec.cat\/ceip-jruyra-l-h\/?p=13203"},"modified":"2022-10-22T13:25:38","modified_gmt":"2022-10-22T11:25:38","slug":"p3b-el-cap-de-setmana-del-jayden-i-la-wisleidy","status":"publish","type":"post","link":"https:\/\/agora.xtec.cat\/ceip-jruyra-l-h\/infantil\/i3\/p3b-el-cap-de-setmana-del-jayden-i-la-wisleidy\/","title":{"rendered":"P3B: EL CAP DE SETMANA DEL JAYDEN I LA WISLEIDY"},"content":{"rendered":"<p>Bon dia a tothom i benvinguts al cap de setmana dels nostres companys Jayden i Wisleidy. Aquesta setmana a la classe de les pintures P3B, hem gaudit molt de les viv\u00e8ncies emotives i divertides dels nostres protagonistes. El Jayden ens ha presentat al seu germ\u00e0 nounat i la Wisleidy ha visitat el centre comercial Gran Via 2, on ha g<span style=\"font-family: inherit; font-size: 1em;\">audit molt de les seves atraccions.\u00a0 \u00a0 \u00a0 \u00a0 \u00a0 \u00a0 \u00a0 \u00a0 \u00a0 \u00a0 \u00a0 \u00a0 \u00a0 \u00a0 \u00a0 Les seves fam\u00edlies ens han fet arribar <\/span>fotos i v\u00eddeos i el Jayden y la Wisleidy, molt emocionats, els han presentat als companys.\u00a0 \u00a0 \u00a0 \u00a0 Ho voleu veure?<\/p>\n<p><a href=\"https:\/\/agora.xtec.cat\/ceip-jruyra-l-h\/wp-content\/uploads\/usu2049\/2022\/10\/IMG_3295-1.heic\"><img loading=\"lazy\" decoding=\"async\" class=\"alignnone size-large wp-image-13199\" src=\"https:\/\/agora.xtec.cat\/ceip-jruyra-l-h\/wp-content\/uploads\/usu2049\/2022\/10\/IMG_3295-1.heic\" alt=\"\" width=\"1\" height=\"1\" \/><\/a><a href=\"https:\/\/agora.xtec.cat\/ceip-jruyra-l-h\/wp-content\/uploads\/usu2049\/2022\/10\/jayden-scaled.jpg\"><img loading=\"lazy\" decoding=\"async\" class=\"alignnone wp-image-13205\" src=\"https:\/\/agora.xtec.cat\/ceip-jruyra-l-h\/wp-content\/uploads\/usu2049\/2022\/10\/jayden-734x1024.jpg\" alt=\"\" width=\"938\" height=\"1309\" srcset=\"https:\/\/agora.xtec.cat\/ceip-jruyra-l-h\/wp-content\/uploads\/usu2049\/2022\/10\/jayden-734x1024.jpg 734w, https:\/\/agora.xtec.cat\/ceip-jruyra-l-h\/wp-content\/uploads\/usu2049\/2022\/10\/jayden-215x300.jpg 215w, https:\/\/agora.xtec.cat\/ceip-jruyra-l-h\/wp-content\/uploads\/usu2049\/2022\/10\/jayden-768x1071.jpg 768w, https:\/\/agora.xtec.cat\/ceip-jruyra-l-h\/wp-content\/uploads\/usu2049\/2022\/10\/jayden-1101x1536.jpg 1101w, https:\/\/agora.xtec.cat\/ceip-jruyra-l-h\/wp-content\/uploads\/usu2049\/2022\/10\/jayden-1469x2048.jpg 1469w, https:\/\/agora.xtec.cat\/ceip-jruyra-l-h\/wp-content\/uploads\/usu2049\/2022\/10\/jayden-scaled.jpg 1836w\" sizes=\"auto, (max-width: 938px) 100vw, 938px\" \/><\/a><\/p>\n<p>Dissabte, el\u00a0<span class=\"hiddenSpellError\">Jayden<\/span>\u00a0va tenir el paper de fer de germ\u00e0 gran i va estar cuidant del seu germ\u00e0 petit. El diumenge va acompanyar a la seva mare a la perruqueria i s&#8217;ho va passar d&#8217;all\u00f2 m\u00e9s b\u00e9 al parc. El\u00a0<span class=\"hiddenSpellError\">Jayden<\/span> ens explica que diumenge a la tarda tamb\u00e9 va anar a l&#8217;aniversari del seu amic l&#8217;\u00c0lex, on va estar jugant amb molts nens i li van donar una m\u00e0scara de superheroi. Ho voleu veure? Aqu\u00ed us deixo l&#8217;enlla\u00e7\u00a0<a href=\"https:\/\/drive.google.com\/drive\/folders\/1UzjCy9H7l1BPMNQmdmfd-kTV4EkDDL8I?usp=sharing\">https:\/\/drive.google.com\/drive\/folders\/1UzjCy9H7l1BPMNQmdmfd-kTV4EkDDL8I?usp=sharing<\/a><\/p>\n<p>&nbsp;<\/p>\n<p><a href=\"https:\/\/agora.xtec.cat\/ceip-jruyra-l-h\/wp-content\/uploads\/usu2049\/2022\/10\/20221014_122140.jpg\"><img loading=\"lazy\" decoding=\"async\" class=\"alignnone wp-image-13204\" src=\"https:\/\/agora.xtec.cat\/ceip-jruyra-l-h\/wp-content\/uploads\/usu2049\/2022\/10\/20221014_122140-768x1024.jpg\" alt=\"\" width=\"959\" height=\"1279\" srcset=\"https:\/\/agora.xtec.cat\/ceip-jruyra-l-h\/wp-content\/uploads\/usu2049\/2022\/10\/20221014_122140-768x1024.jpg 768w, https:\/\/agora.xtec.cat\/ceip-jruyra-l-h\/wp-content\/uploads\/usu2049\/2022\/10\/20221014_122140-225x300.jpg 225w, https:\/\/agora.xtec.cat\/ceip-jruyra-l-h\/wp-content\/uploads\/usu2049\/2022\/10\/20221014_122140-1152x1536.jpg 1152w, https:\/\/agora.xtec.cat\/ceip-jruyra-l-h\/wp-content\/uploads\/usu2049\/2022\/10\/20221014_122140.jpg 1512w\" sizes=\"auto, (max-width: 959px) 100vw, 959px\" \/><\/a><\/p>\n<p>La Wisleidy aquest cap de setmana va anar al centre comercial Gran Via 2. A la classe ens ha explicat que va anar amb el seu pare i la seva mare. All\u00e0 s&#8217;ho va passar d&#8217;all\u00f2 m\u00e9s b\u00e9 perqu\u00e8 va estar saltant als matalassos i tamb\u00e9 va muntar a sobre d&#8217;un cavall marr\u00f3. Ho voleu veure?\u00a0 Aqu\u00ed us deixo l\u2019enlla\u00e7 <a href=\"https:\/\/drive.google.com\/drive\/folders\/13f2CwPePY48T7ovF5GV2PWATI41PL6kE?usp=sharing\">https:\/\/drive.google.com\/drive\/folders\/13f2CwPePY48T7ovF5GV2PWATI41PL6kE?usp=sharing<\/a><\/p>\n<p>Gr\u00e0cies a les fam\u00edlies per la col\u00b7laboraci\u00f3 en aquest projecte.<\/p>\n<p>&nbsp;<\/p>\n","protected":false},"excerpt":{"rendered":"<p>Bon dia a tothom i benvinguts al cap de setmana dels nostres companys Jayden i Wisleidy. Aquesta setmana a la classe de les pintures P3B, hem gaudit molt de les viv\u00e8ncies emotives i divertides dels nostres protagonistes. El Jayden ens ha presentat al seu germ\u00e0&hellip;  <a href=\"https:\/\/agora.xtec.cat\/ceip-jruyra-l-h\/infantil\/i3\/p3b-el-cap-de-setmana-del-jayden-i-la-wisleidy\/\" title=\"Read P3B: EL CAP DE SETMANA DEL JAYDEN I LA WISLEIDY\">Llegeix m\u00e9s\u00bb<\/a><\/p>\n","protected":false},"author":1,"featured_media":13205,"comment_status":"open","ping_status":"closed","sticky":false,"template":"","format":"standard","meta":{"_bbp_topic_count":0,"_bbp_reply_count":0,"_bbp_total_topic_count":0,"_bbp_total_reply_count":0,"_bbp_voice_count":0,"_bbp_anonymous_reply_count":0,"_bbp_topic_count_hidden":0,"_bbp_reply_count_hidden":0,"_bbp_forum_subforum_count":0,"footnotes":""},"categories":[3],"tags":[],"class_list":["post-13203","post","type-post","status-publish","format-standard","has-post-thumbnail","hentry","category-i3"],"post_mailing_queue_ids":[],"_links":{"self":[{"href":"https:\/\/agora.xtec.cat\/ceip-jruyra-l-h\/wp-json\/wp\/v2\/posts\/13203","targetHints":{"allow":["GET"]}}],"collection":[{"href":"https:\/\/agora.xtec.cat\/ceip-jruyra-l-h\/wp-json\/wp\/v2\/posts"}],"about":[{"href":"https:\/\/agora.xtec.cat\/ceip-jruyra-l-h\/wp-json\/wp\/v2\/types\/post"}],"author":[{"embeddable":true,"href":"https:\/\/agora.xtec.cat\/ceip-jruyra-l-h\/wp-json\/wp\/v2\/users\/1"}],"replies":[{"embeddable":true,"href":"https:\/\/agora.xtec.cat\/ceip-jruyra-l-h\/wp-json\/wp\/v2\/comments?post=13203"}],"version-history":[{"count":2,"href":"https:\/\/agora.xtec.cat\/ceip-jruyra-l-h\/wp-json\/wp\/v2\/posts\/13203\/revisions"}],"predecessor-version":[{"id":13207,"href":"https:\/\/agora.xtec.cat\/ceip-jruyra-l-h\/wp-json\/wp\/v2\/posts\/13203\/revisions\/13207"}],"wp:featuredmedia":[{"embeddable":true,"href":"https:\/\/agora.xtec.cat\/ceip-jruyra-l-h\/wp-json\/wp\/v2\/media\/13205"}],"wp:attachment":[{"href":"https:\/\/agora.xtec.cat\/ceip-jruyra-l-h\/wp-json\/wp\/v2\/media?parent=13203"}],"wp:term":[{"taxonomy":"category","embeddable":true,"href":"https:\/\/agora.xtec.cat\/ceip-jruyra-l-h\/wp-json\/wp\/v2\/categories?post=13203"},{"taxonomy":"post_tag","embeddable":true,"href":"https:\/\/agora.xtec.cat\/ceip-jruyra-l-h\/wp-json\/wp\/v2\/tags?post=13203"}],"curies":[{"name":"wp","href":"https:\/\/api.w.org\/{rel}","templated":true}]}}