{"id":13173,"date":"2022-10-16T20:38:20","date_gmt":"2022-10-16T18:38:20","guid":{"rendered":"https:\/\/agora.xtec.cat\/ceip-jruyra-l-h\/?p=13173"},"modified":"2022-10-16T21:55:21","modified_gmt":"2022-10-16T19:55:21","slug":"p3a-el-cap-de-setmana-del-joayden-i-la-chloe","status":"publish","type":"post","link":"https:\/\/agora.xtec.cat\/ceip-jruyra-l-h\/infantil\/i3\/p3a-el-cap-de-setmana-del-joayden-i-la-chloe\/","title":{"rendered":"P3A: EL CAP DE SETMANA DEL JOAYDEN I LA CHLOE"},"content":{"rendered":"<p>Hola a tots! Aquesta setmana a la classe dels Pinzells de\u00a0<span class=\"hiddenSpellError\">P3A<\/span>, els nostres companys, el\u00a0<span class=\"hiddenSpellError\">Joayden<\/span>\u00a0i la\u00a0<span class=\"hiddenSpellError\">Chloe<\/span>, ens han explicat el que han fet el cap de setmana. Els seus familiars ens van enviar unes fotos i v\u00eddeos.<\/p>\n<p><a href=\"https:\/\/agora.xtec.cat\/ceip-jruyra-l-h\/wp-content\/uploads\/usu2049\/2022\/10\/4-1-rotated.jpg\"><img loading=\"lazy\" decoding=\"async\" class=\"alignnone size-large wp-image-13174\" src=\"https:\/\/agora.xtec.cat\/ceip-jruyra-l-h\/wp-content\/uploads\/usu2049\/2022\/10\/4-1-768x1024.jpg\" alt=\"\" width=\"768\" height=\"1024\" srcset=\"https:\/\/agora.xtec.cat\/ceip-jruyra-l-h\/wp-content\/uploads\/usu2049\/2022\/10\/4-1-768x1024.jpg 768w, https:\/\/agora.xtec.cat\/ceip-jruyra-l-h\/wp-content\/uploads\/usu2049\/2022\/10\/4-1-225x300.jpg 225w, https:\/\/agora.xtec.cat\/ceip-jruyra-l-h\/wp-content\/uploads\/usu2049\/2022\/10\/4-1-1152x1536.jpg 1152w, https:\/\/agora.xtec.cat\/ceip-jruyra-l-h\/wp-content\/uploads\/usu2049\/2022\/10\/4-1-rotated.jpg 1254w\" sizes=\"auto, (max-width: 768px) 100vw, 768px\" \/><\/a><\/p>\n<p>El dilluns despr\u00e9s del pati, els protagonistes van explicar tot el que havien gaudit. Dissabte, el\u00a0<span class=\"hiddenSpellError\">Joayden<\/span>\u00a0va estar agafant fulles de la tardor de cam\u00ed a casa de la seva iaia, que li va convidar a dinar. El diumenge, va sortir a passejar amb el seu pare, a visitar al seu iaio i a sopar al McDonald&#8217;s. A la foto surt molt graci\u00f3s. Ho voleu veure? Aqu\u00ed us deixo l&#8217;enlla\u00e7.<\/p>\n<p><a href=\"https:\/\/drive.google.com\/drive\/folders\/1y9CCLl1rDVVk7aa4-7VikPQz_B4D-L-2?usp=sharing\">https:\/\/drive.google.com\/drive\/folders\/1y9CCLl1rDVVk7aa4-7VikPQz_B4D-L-2?usp=sharing<\/a><\/p>\n<p><a href=\"https:\/\/agora.xtec.cat\/ceip-jruyra-l-h\/wp-content\/uploads\/usu2049\/2022\/10\/4-2-rotated.jpg\"><img loading=\"lazy\" decoding=\"async\" class=\"alignnone size-large wp-image-13175\" src=\"https:\/\/agora.xtec.cat\/ceip-jruyra-l-h\/wp-content\/uploads\/usu2049\/2022\/10\/4-2-768x1024.jpg\" alt=\"\" width=\"768\" height=\"1024\" srcset=\"https:\/\/agora.xtec.cat\/ceip-jruyra-l-h\/wp-content\/uploads\/usu2049\/2022\/10\/4-2-768x1024.jpg 768w, https:\/\/agora.xtec.cat\/ceip-jruyra-l-h\/wp-content\/uploads\/usu2049\/2022\/10\/4-2-225x300.jpg 225w, https:\/\/agora.xtec.cat\/ceip-jruyra-l-h\/wp-content\/uploads\/usu2049\/2022\/10\/4-2-1152x1536.jpg 1152w, https:\/\/agora.xtec.cat\/ceip-jruyra-l-h\/wp-content\/uploads\/usu2049\/2022\/10\/4-2-rotated.jpg 1254w\" sizes=\"auto, (max-width: 768px) 100vw, 768px\" \/><\/a><\/p>\n<p>La\u00a0<span class=\"hiddenSpellError\">Chloe<\/span>\u00a0va estar jugant a muntar trencaclosques i pintant amb la seva amiga\u00a0<span class=\"hiddenSpellError\">Keila<\/span>. Les dues s\u00f3n unes artistes. Tamb\u00e9 va anar a un parc del Prat de Llobregat &#8220;<span class=\"hiddenSpellError\">superxulo<\/span>&#8220;. No trobeu? Aqu\u00ed us deixo l&#8217;enlla\u00e7 per veure les fotos i els v\u00eddeos.<\/p>\n<p><a href=\"https:\/\/drive.google.com\/drive\/folders\/1sf-xcHH5IuSFthnSOQ0qZlR6kTF0iwz7?usp=sharing\">https:\/\/drive.google.com\/drive\/folders\/1sf-xcHH5IuSFthnSOQ0qZlR6kTF0iwz7?usp=sharing<\/a><\/p>\n<p>Gr\u00e0cies a les seves fam\u00edlies per la col\u00b7laboraci\u00f3.<\/p>\n","protected":false},"excerpt":{"rendered":"<p>Hola a tots! Aquesta setmana a la classe dels Pinzells de\u00a0P3A, els nostres companys, el\u00a0Joayden\u00a0i la\u00a0Chloe, ens han explicat el que han fet el cap de setmana. Els seus familiars ens van enviar unes fotos i v\u00eddeos.<br \/>\n<a href=\"https:\/\/agora.xtec.cat\/ceip-jruyra-l-h\/wp-content\/uploads\/usu2049\/2022\/10\/4-1-rotated.jpg\"><\/a><br \/>\nEl dilluns despr\u00e9s del pati, els protagonistes van&hellip;  <a href=\"https:\/\/agora.xtec.cat\/ceip-jruyra-l-h\/infantil\/i3\/p3a-el-cap-de-setmana-del-joayden-i-la-chloe\/\" title=\"Read P3A: EL CAP DE SETMANA DEL JOAYDEN I LA CHLOE\">Llegeix m\u00e9s\u00bb<\/a><\/p>\n","protected":false},"author":1,"featured_media":13174,"comment_status":"open","ping_status":"closed","sticky":false,"template":"","format":"standard","meta":{"_bbp_topic_count":0,"_bbp_reply_count":0,"_bbp_total_topic_count":0,"_bbp_total_reply_count":0,"_bbp_voice_count":0,"_bbp_anonymous_reply_count":0,"_bbp_topic_count_hidden":0,"_bbp_reply_count_hidden":0,"_bbp_forum_subforum_count":0,"footnotes":""},"categories":[3],"tags":[],"class_list":["post-13173","post","type-post","status-publish","format-standard","has-post-thumbnail","hentry","category-i3"],"post_mailing_queue_ids":[],"_links":{"self":[{"href":"https:\/\/agora.xtec.cat\/ceip-jruyra-l-h\/wp-json\/wp\/v2\/posts\/13173","targetHints":{"allow":["GET"]}}],"collection":[{"href":"https:\/\/agora.xtec.cat\/ceip-jruyra-l-h\/wp-json\/wp\/v2\/posts"}],"about":[{"href":"https:\/\/agora.xtec.cat\/ceip-jruyra-l-h\/wp-json\/wp\/v2\/types\/post"}],"author":[{"embeddable":true,"href":"https:\/\/agora.xtec.cat\/ceip-jruyra-l-h\/wp-json\/wp\/v2\/users\/1"}],"replies":[{"embeddable":true,"href":"https:\/\/agora.xtec.cat\/ceip-jruyra-l-h\/wp-json\/wp\/v2\/comments?post=13173"}],"version-history":[{"count":3,"href":"https:\/\/agora.xtec.cat\/ceip-jruyra-l-h\/wp-json\/wp\/v2\/posts\/13173\/revisions"}],"predecessor-version":[{"id":13180,"href":"https:\/\/agora.xtec.cat\/ceip-jruyra-l-h\/wp-json\/wp\/v2\/posts\/13173\/revisions\/13180"}],"wp:featuredmedia":[{"embeddable":true,"href":"https:\/\/agora.xtec.cat\/ceip-jruyra-l-h\/wp-json\/wp\/v2\/media\/13174"}],"wp:attachment":[{"href":"https:\/\/agora.xtec.cat\/ceip-jruyra-l-h\/wp-json\/wp\/v2\/media?parent=13173"}],"wp:term":[{"taxonomy":"category","embeddable":true,"href":"https:\/\/agora.xtec.cat\/ceip-jruyra-l-h\/wp-json\/wp\/v2\/categories?post=13173"},{"taxonomy":"post_tag","embeddable":true,"href":"https:\/\/agora.xtec.cat\/ceip-jruyra-l-h\/wp-json\/wp\/v2\/tags?post=13173"}],"curies":[{"name":"wp","href":"https:\/\/api.w.org\/{rel}","templated":true}]}}