{"id":13042,"date":"2022-10-07T20:20:29","date_gmt":"2022-10-07T18:20:29","guid":{"rendered":"https:\/\/agora.xtec.cat\/ceip-jruyra-l-h\/?p=13042"},"modified":"2022-10-07T20:20:29","modified_gmt":"2022-10-07T18:20:29","slug":"setembre-a-cicle-mitja","status":"publish","type":"post","link":"https:\/\/agora.xtec.cat\/ceip-jruyra-l-h\/general\/setembre-a-cicle-mitja\/","title":{"rendered":"Setembre a Cicle Mitj\u00e0"},"content":{"rendered":"<p>Hola a tothom!<\/p>\n<p>Ja portem un mes d&#8217;escola i ja hem fet molt\u00edssimes activitats. Hem iniciat els grups interactius de catal\u00e0, castell\u00e0, matem\u00e0tiques, medi i angl\u00e8s. I tamb\u00e9 ens ho estem passant molt b\u00e9 als patis.<\/p>\n<p>Us deixem un petit <a href=\"https:\/\/drive.google.com\/drive\/folders\/1K4A28uyqwvc_doBqGc2oIjui2f9uR8Px\">resum fotogr\u00e0fic<\/a> d&#8217;aquest mes de setembre.<\/p>\n<p>Fins la propera!<\/p>\n<p><a href=\"https:\/\/drive.google.com\/drive\/folders\/1K4A28uyqwvc_doBqGc2oIjui2f9uR8Px\"><img loading=\"lazy\" decoding=\"async\" class=\"alignnone wp-image-13121 size-large\" src=\"https:\/\/agora.xtec.cat\/ceip-jruyra-l-h\/wp-content\/uploads\/usu2049\/2022\/10\/WhatsApp-Image-2022-10-07-at-12.21.08-PM-1024x788.jpeg\" alt=\"\" width=\"1024\" height=\"788\" srcset=\"https:\/\/agora.xtec.cat\/ceip-jruyra-l-h\/wp-content\/uploads\/usu2049\/2022\/10\/WhatsApp-Image-2022-10-07-at-12.21.08-PM-1024x788.jpeg 1024w, https:\/\/agora.xtec.cat\/ceip-jruyra-l-h\/wp-content\/uploads\/usu2049\/2022\/10\/WhatsApp-Image-2022-10-07-at-12.21.08-PM-300x231.jpeg 300w, https:\/\/agora.xtec.cat\/ceip-jruyra-l-h\/wp-content\/uploads\/usu2049\/2022\/10\/WhatsApp-Image-2022-10-07-at-12.21.08-PM-768x591.jpeg 768w, https:\/\/agora.xtec.cat\/ceip-jruyra-l-h\/wp-content\/uploads\/usu2049\/2022\/10\/WhatsApp-Image-2022-10-07-at-12.21.08-PM.jpeg 1200w\" sizes=\"auto, (max-width: 1024px) 100vw, 1024px\" \/><\/a><\/p>\n","protected":false},"excerpt":{"rendered":"<p>Hola a tothom!<br \/>\nJa portem un mes d&#8217;escola i ja hem fet molt\u00edssimes activitats. Hem iniciat els grups interactius de catal\u00e0, castell\u00e0, matem\u00e0tiques, medi i angl\u00e8s. I tamb\u00e9 ens ho estem passant molt b\u00e9 als patis.<br \/>\nUs deixem un petit <a href=\"https:\/\/drive.google.com\/drive\/folders\/1K4A28uyqwvc_doBqGc2oIjui2f9uR8Px\">resum fotogr\u00e0fic<\/a> d&#8217;aquest mes de setembre.<br \/>\nFins&hellip;  <a href=\"https:\/\/agora.xtec.cat\/ceip-jruyra-l-h\/general\/setembre-a-cicle-mitja\/\" title=\"Read Setembre a Cicle Mitj\u00e0\">Llegeix m\u00e9s\u00bb<\/a><\/p>\n","protected":false},"author":5,"featured_media":13121,"comment_status":"open","ping_status":"closed","sticky":false,"template":"","format":"standard","meta":{"_bbp_topic_count":0,"_bbp_reply_count":0,"_bbp_total_topic_count":0,"_bbp_total_reply_count":0,"_bbp_voice_count":0,"_bbp_anonymous_reply_count":0,"_bbp_topic_count_hidden":0,"_bbp_reply_count_hidden":0,"_bbp_forum_subforum_count":0,"footnotes":""},"categories":[12,13,1],"tags":[],"class_list":["post-13042","post","type-post","status-publish","format-standard","has-post-thumbnail","hentry","category-3r","category-4t","category-general"],"post_mailing_queue_ids":[],"_links":{"self":[{"href":"https:\/\/agora.xtec.cat\/ceip-jruyra-l-h\/wp-json\/wp\/v2\/posts\/13042","targetHints":{"allow":["GET"]}}],"collection":[{"href":"https:\/\/agora.xtec.cat\/ceip-jruyra-l-h\/wp-json\/wp\/v2\/posts"}],"about":[{"href":"https:\/\/agora.xtec.cat\/ceip-jruyra-l-h\/wp-json\/wp\/v2\/types\/post"}],"author":[{"embeddable":true,"href":"https:\/\/agora.xtec.cat\/ceip-jruyra-l-h\/wp-json\/wp\/v2\/users\/5"}],"replies":[{"embeddable":true,"href":"https:\/\/agora.xtec.cat\/ceip-jruyra-l-h\/wp-json\/wp\/v2\/comments?post=13042"}],"version-history":[{"count":3,"href":"https:\/\/agora.xtec.cat\/ceip-jruyra-l-h\/wp-json\/wp\/v2\/posts\/13042\/revisions"}],"predecessor-version":[{"id":13122,"href":"https:\/\/agora.xtec.cat\/ceip-jruyra-l-h\/wp-json\/wp\/v2\/posts\/13042\/revisions\/13122"}],"wp:featuredmedia":[{"embeddable":true,"href":"https:\/\/agora.xtec.cat\/ceip-jruyra-l-h\/wp-json\/wp\/v2\/media\/13121"}],"wp:attachment":[{"href":"https:\/\/agora.xtec.cat\/ceip-jruyra-l-h\/wp-json\/wp\/v2\/media?parent=13042"}],"wp:term":[{"taxonomy":"category","embeddable":true,"href":"https:\/\/agora.xtec.cat\/ceip-jruyra-l-h\/wp-json\/wp\/v2\/categories?post=13042"},{"taxonomy":"post_tag","embeddable":true,"href":"https:\/\/agora.xtec.cat\/ceip-jruyra-l-h\/wp-json\/wp\/v2\/tags?post=13042"}],"curies":[{"name":"wp","href":"https:\/\/api.w.org\/{rel}","templated":true}]}}