{"id":13026,"date":"2022-09-26T11:49:15","date_gmt":"2022-09-26T09:49:15","guid":{"rendered":"https:\/\/agora.xtec.cat\/ceip-jruyra-l-h\/?p=13026"},"modified":"2022-09-26T11:49:15","modified_gmt":"2022-09-26T09:49:15","slug":"reunio-families-p3","status":"publish","type":"post","link":"https:\/\/agora.xtec.cat\/ceip-jruyra-l-h\/infantil\/i3\/reunio-families-p3\/","title":{"rendered":"REUNI\u00d3 FAM\u00cdLIES P3"},"content":{"rendered":"<p>Hola fam\u00edlies, el dijous 22\/09\/22 es va fer la reuni\u00f3 de pares via telem\u00e0tica. Tot i que va haver-hi gran nombre d\u2019assistents, hi ha algunes fam\u00edlies que no van poder connectar-se o que tenien altres reunions de pares dels germans de manera simult\u00e0nia. Per aix\u00f2 i per si alg\u00fa no recorda tot el que es va parlar us pengem el power point amb el resum de la informaci\u00f3.<\/p>\n<p><a href=\"https:\/\/agora.xtec.cat\/ceip-jruyra-l-h\/wp-content\/uploads\/usu2049\/2022\/09\/Reunio_fam.jpg\"><img loading=\"lazy\" decoding=\"async\" class=\"alignnone size-full wp-image-13027\" src=\"https:\/\/agora.xtec.cat\/ceip-jruyra-l-h\/wp-content\/uploads\/usu2049\/2022\/09\/Reunio_fam.jpg\" alt=\"\" width=\"800\" height=\"372\" srcset=\"https:\/\/agora.xtec.cat\/ceip-jruyra-l-h\/wp-content\/uploads\/usu2049\/2022\/09\/Reunio_fam.jpg 800w, https:\/\/agora.xtec.cat\/ceip-jruyra-l-h\/wp-content\/uploads\/usu2049\/2022\/09\/Reunio_fam-300x140.jpg 300w, https:\/\/agora.xtec.cat\/ceip-jruyra-l-h\/wp-content\/uploads\/usu2049\/2022\/09\/Reunio_fam-768x357.jpg 768w\" sizes=\"auto, (max-width: 800px) 100vw, 800px\" \/><\/a><\/p>\n<p><a href=\"https:\/\/drive.google.com\/drive\/folders\/1zecibcKD5JJkP2FYhjdphS1IvKEHeEmT?usp=sharing\">https:\/\/drive.google.com\/drive\/folders\/1zecibcKD5JJkP2FYhjdphS1IvKEHeEmT?usp=sharing<\/a><\/p>\n<p>&nbsp;<\/p>\n","protected":false},"excerpt":{"rendered":"<p>Hola fam\u00edlies, el dijous 22\/09\/22 es va fer la reuni\u00f3 de pares via telem\u00e0tica. Tot i que va haver-hi gran nombre d\u2019assistents, hi ha algunes fam\u00edlies que no van poder connectar-se o que tenien altres reunions de pares dels germans de manera simult\u00e0nia. Per aix\u00f2&hellip;  <a href=\"https:\/\/agora.xtec.cat\/ceip-jruyra-l-h\/infantil\/i3\/reunio-families-p3\/\" title=\"Read REUNI\u00d3 FAM\u00cdLIES P3\">Llegeix m\u00e9s\u00bb<\/a><\/p>\n","protected":false},"author":1,"featured_media":13027,"comment_status":"open","ping_status":"closed","sticky":false,"template":"","format":"standard","meta":{"_bbp_topic_count":0,"_bbp_reply_count":0,"_bbp_total_topic_count":0,"_bbp_total_reply_count":0,"_bbp_voice_count":0,"_bbp_anonymous_reply_count":0,"_bbp_topic_count_hidden":0,"_bbp_reply_count_hidden":0,"_bbp_forum_subforum_count":0,"footnotes":""},"categories":[3],"tags":[],"class_list":["post-13026","post","type-post","status-publish","format-standard","has-post-thumbnail","hentry","category-i3"],"post_mailing_queue_ids":[],"_links":{"self":[{"href":"https:\/\/agora.xtec.cat\/ceip-jruyra-l-h\/wp-json\/wp\/v2\/posts\/13026","targetHints":{"allow":["GET"]}}],"collection":[{"href":"https:\/\/agora.xtec.cat\/ceip-jruyra-l-h\/wp-json\/wp\/v2\/posts"}],"about":[{"href":"https:\/\/agora.xtec.cat\/ceip-jruyra-l-h\/wp-json\/wp\/v2\/types\/post"}],"author":[{"embeddable":true,"href":"https:\/\/agora.xtec.cat\/ceip-jruyra-l-h\/wp-json\/wp\/v2\/users\/1"}],"replies":[{"embeddable":true,"href":"https:\/\/agora.xtec.cat\/ceip-jruyra-l-h\/wp-json\/wp\/v2\/comments?post=13026"}],"version-history":[{"count":2,"href":"https:\/\/agora.xtec.cat\/ceip-jruyra-l-h\/wp-json\/wp\/v2\/posts\/13026\/revisions"}],"predecessor-version":[{"id":13029,"href":"https:\/\/agora.xtec.cat\/ceip-jruyra-l-h\/wp-json\/wp\/v2\/posts\/13026\/revisions\/13029"}],"wp:featuredmedia":[{"embeddable":true,"href":"https:\/\/agora.xtec.cat\/ceip-jruyra-l-h\/wp-json\/wp\/v2\/media\/13027"}],"wp:attachment":[{"href":"https:\/\/agora.xtec.cat\/ceip-jruyra-l-h\/wp-json\/wp\/v2\/media?parent=13026"}],"wp:term":[{"taxonomy":"category","embeddable":true,"href":"https:\/\/agora.xtec.cat\/ceip-jruyra-l-h\/wp-json\/wp\/v2\/categories?post=13026"},{"taxonomy":"post_tag","embeddable":true,"href":"https:\/\/agora.xtec.cat\/ceip-jruyra-l-h\/wp-json\/wp\/v2\/tags?post=13026"}],"curies":[{"name":"wp","href":"https:\/\/api.w.org\/{rel}","templated":true}]}}