{"id":13021,"date":"2022-09-27T12:04:10","date_gmt":"2022-09-27T10:04:10","guid":{"rendered":"https:\/\/agora.xtec.cat\/ceip-jruyra-l-h\/?p=13021"},"modified":"2022-09-27T12:04:10","modified_gmt":"2022-09-27T10:04:10","slug":"p3-hem-triat-el-nom-de-la-classe","status":"publish","type":"post","link":"https:\/\/agora.xtec.cat\/ceip-jruyra-l-h\/infantil\/i3\/p3-hem-triat-el-nom-de-la-classe\/","title":{"rendered":"P3: HEM TRIAT EL NOM DE LA CLASSE"},"content":{"rendered":"<p>Hola a tothom!! Cada any treballem a la nostra escola un projecte com\u00fa com a eix transversal. Aquest curs hem hagut d&#8217;escollir entre 3 possibilitats: Les 7 meravelles del m\u00f3n, l\u2019art urb\u00e0 i l&#8217;artista Pablo Picasso. A cada classe s\u2019ha fet una votaci\u00f3 per triar la proposta m\u00e9s votada. Us anunciem que entre totes les classes ha estat escollida l&#8217;opci\u00f3 de treballar l\u2019artista Pablo Picasso.<\/p>\n<p><a href=\"https:\/\/agora.xtec.cat\/ceip-jruyra-l-h\/wp-content\/uploads\/usu2049\/2022\/09\/1-1.jpg\"><img loading=\"lazy\" decoding=\"async\" class=\"alignnone size-full wp-image-13022\" src=\"https:\/\/agora.xtec.cat\/ceip-jruyra-l-h\/wp-content\/uploads\/usu2049\/2022\/09\/1-1.jpg\" alt=\"\" width=\"443\" height=\"591\" srcset=\"https:\/\/agora.xtec.cat\/ceip-jruyra-l-h\/wp-content\/uploads\/usu2049\/2022\/09\/1-1.jpg 443w, https:\/\/agora.xtec.cat\/ceip-jruyra-l-h\/wp-content\/uploads\/usu2049\/2022\/09\/1-1-225x300.jpg 225w\" sizes=\"auto, (max-width: 443px) 100vw, 443px\" \/><\/a><\/p>\n<p><a href=\"https:\/\/agora.xtec.cat\/ceip-jruyra-l-h\/wp-content\/uploads\/usu2049\/2022\/09\/1-2.jpg\"><img loading=\"lazy\" decoding=\"async\" class=\"alignnone size-full wp-image-13023\" src=\"https:\/\/agora.xtec.cat\/ceip-jruyra-l-h\/wp-content\/uploads\/usu2049\/2022\/09\/1-2.jpg\" alt=\"\" width=\"443\" height=\"591\" srcset=\"https:\/\/agora.xtec.cat\/ceip-jruyra-l-h\/wp-content\/uploads\/usu2049\/2022\/09\/1-2.jpg 443w, https:\/\/agora.xtec.cat\/ceip-jruyra-l-h\/wp-content\/uploads\/usu2049\/2022\/09\/1-2-225x300.jpg 225w\" sizes=\"auto, (max-width: 443px) 100vw, 443px\" \/><\/a><\/p>\n<p>A cada nivell educatiu es programaran diferents activitats sobre aquest projecte. A la nostra etapa, l&#8217;Educaci\u00f3 Infantil, s&#8217;ha escollit posar els nom de les classes en relaci\u00f3 als diferents estris que fan servir els artistes. Aqu\u00ed us mostrem les fotos de la nostre votaci\u00f3:<\/p>\n<p>P3A: classe dels Pinzells\u00a0<a href=\"https:\/\/drive.google.com\/drive\/folders\/1cRh-6nSw7FRbAoMd_u-qFGrIFA-qSW8r?usp=sharing\">https:\/\/drive.google.com\/drive\/folders\/1cRh-6nSw7FRbAoMd_u-qFGrIFA-qSW8r?usp=sharing<\/a><\/p>\n<p>P3B: classe de les Pintures\u00a0<a href=\"https:\/\/drive.google.com\/drive\/folders\/1YYWUMA5Epj5oo1jjFIhPkGVpbu4emd2g?usp=sharing\">https:\/\/drive.google.com\/drive\/folders\/1YYWUMA5Epj5oo1jjFIhPkGVpbu4emd2g?usp=sharing<\/a><\/p>\n<p>&nbsp;<\/p>\n<p>&nbsp;<\/p>\n","protected":false},"excerpt":{"rendered":"<p>Hola a tothom!! Cada any treballem a la nostra escola un projecte com\u00fa com a eix transversal. Aquest curs hem hagut d&#8217;escollir entre 3 possibilitats: Les 7 meravelles del m\u00f3n, l\u2019art urb\u00e0 i l&#8217;artista Pablo Picasso. A cada classe s\u2019ha fet una votaci\u00f3 per triar&hellip;  <a href=\"https:\/\/agora.xtec.cat\/ceip-jruyra-l-h\/infantil\/i3\/p3-hem-triat-el-nom-de-la-classe\/\" title=\"Read P3: HEM TRIAT EL NOM DE LA CLASSE\">Llegeix m\u00e9s\u00bb<\/a><\/p>\n","protected":false},"author":1,"featured_media":13022,"comment_status":"open","ping_status":"closed","sticky":false,"template":"","format":"standard","meta":{"_bbp_topic_count":0,"_bbp_reply_count":0,"_bbp_total_topic_count":0,"_bbp_total_reply_count":0,"_bbp_voice_count":0,"_bbp_anonymous_reply_count":0,"_bbp_topic_count_hidden":0,"_bbp_reply_count_hidden":0,"_bbp_forum_subforum_count":0,"footnotes":""},"categories":[3],"tags":[],"class_list":["post-13021","post","type-post","status-publish","format-standard","has-post-thumbnail","hentry","category-i3"],"post_mailing_queue_ids":[],"_links":{"self":[{"href":"https:\/\/agora.xtec.cat\/ceip-jruyra-l-h\/wp-json\/wp\/v2\/posts\/13021","targetHints":{"allow":["GET"]}}],"collection":[{"href":"https:\/\/agora.xtec.cat\/ceip-jruyra-l-h\/wp-json\/wp\/v2\/posts"}],"about":[{"href":"https:\/\/agora.xtec.cat\/ceip-jruyra-l-h\/wp-json\/wp\/v2\/types\/post"}],"author":[{"embeddable":true,"href":"https:\/\/agora.xtec.cat\/ceip-jruyra-l-h\/wp-json\/wp\/v2\/users\/1"}],"replies":[{"embeddable":true,"href":"https:\/\/agora.xtec.cat\/ceip-jruyra-l-h\/wp-json\/wp\/v2\/comments?post=13021"}],"version-history":[{"count":3,"href":"https:\/\/agora.xtec.cat\/ceip-jruyra-l-h\/wp-json\/wp\/v2\/posts\/13021\/revisions"}],"predecessor-version":[{"id":13033,"href":"https:\/\/agora.xtec.cat\/ceip-jruyra-l-h\/wp-json\/wp\/v2\/posts\/13021\/revisions\/13033"}],"wp:featuredmedia":[{"embeddable":true,"href":"https:\/\/agora.xtec.cat\/ceip-jruyra-l-h\/wp-json\/wp\/v2\/media\/13022"}],"wp:attachment":[{"href":"https:\/\/agora.xtec.cat\/ceip-jruyra-l-h\/wp-json\/wp\/v2\/media?parent=13021"}],"wp:term":[{"taxonomy":"category","embeddable":true,"href":"https:\/\/agora.xtec.cat\/ceip-jruyra-l-h\/wp-json\/wp\/v2\/categories?post=13021"},{"taxonomy":"post_tag","embeddable":true,"href":"https:\/\/agora.xtec.cat\/ceip-jruyra-l-h\/wp-json\/wp\/v2\/tags?post=13021"}],"curies":[{"name":"wp","href":"https:\/\/api.w.org\/{rel}","templated":true}]}}