{"id":13017,"date":"2022-09-25T18:05:53","date_gmt":"2022-09-25T16:05:53","guid":{"rendered":"https:\/\/agora.xtec.cat\/ceip-jruyra-l-h\/?p=13017"},"modified":"2022-09-25T18:05:53","modified_gmt":"2022-09-25T16:05:53","slug":"adaptacio-a-p3","status":"publish","type":"post","link":"https:\/\/agora.xtec.cat\/ceip-jruyra-l-h\/infantil\/i3\/adaptacio-a-p3\/","title":{"rendered":"ADAPTACI\u00d3 A P3"},"content":{"rendered":"<p>Benvolgudes fam\u00edlies!! Comen\u00e7a el curs 2022\/2023 amb els petits de l\u2019escola. Els nous integrants del Ruyra acaben de comen\u00e7ar l\u2019escola i encara tot \u00e9s nou per ells. Els hi afloren moltes emocions en aquestes setmanes perqu\u00e8 s\u2019estan adaptant al centre, als mestres i als companys&#8230;..per\u00f2 a poc a poc, es van sentint m\u00e9s c\u00f2modes i acompanyats.<\/p>\n<p><a href=\"https:\/\/agora.xtec.cat\/ceip-jruyra-l-h\/wp-content\/uploads\/usu2049\/2022\/09\/1.jpg\"><img loading=\"lazy\" decoding=\"async\" class=\"alignnone size-full wp-image-13018\" src=\"https:\/\/agora.xtec.cat\/ceip-jruyra-l-h\/wp-content\/uploads\/usu2049\/2022\/09\/1.jpg\" alt=\"\" width=\"443\" height=\"591\" srcset=\"https:\/\/agora.xtec.cat\/ceip-jruyra-l-h\/wp-content\/uploads\/usu2049\/2022\/09\/1.jpg 443w, https:\/\/agora.xtec.cat\/ceip-jruyra-l-h\/wp-content\/uploads\/usu2049\/2022\/09\/1-225x300.jpg 225w\" sizes=\"auto, (max-width: 443px) 100vw, 443px\" \/><\/a><\/p>\n<p><a href=\"https:\/\/agora.xtec.cat\/ceip-jruyra-l-h\/wp-content\/uploads\/usu2049\/2022\/09\/2.jpg\"><img loading=\"lazy\" decoding=\"async\" class=\"alignnone size-full wp-image-13019\" src=\"https:\/\/agora.xtec.cat\/ceip-jruyra-l-h\/wp-content\/uploads\/usu2049\/2022\/09\/2.jpg\" alt=\"\" width=\"443\" height=\"591\" srcset=\"https:\/\/agora.xtec.cat\/ceip-jruyra-l-h\/wp-content\/uploads\/usu2049\/2022\/09\/2.jpg 443w, https:\/\/agora.xtec.cat\/ceip-jruyra-l-h\/wp-content\/uploads\/usu2049\/2022\/09\/2-225x300.jpg 225w\" sizes=\"auto, (max-width: 443px) 100vw, 443px\" \/><\/a><\/p>\n<p>Aqu\u00ed us mostrem un recull de fotos perqu\u00e8 pugueu veure als vostres peques. Gr\u00e0cies a totes les fam\u00edlies per la paci\u00e8ncia i la vostra \u00a0confian\u00e7a en la comunitat.<\/p>\n<p><a href=\"https:\/\/drive.google.com\/drive\/folders\/1V4txF2i7CVZge6lHIyAysO4Kpg7ZZkrL?usp=sharing\">https:\/\/drive.google.com\/drive\/folders\/1V4txF2i7CVZge6lHIyAysO4Kpg7ZZkrL?usp=sharing<\/a><\/p>\n<p>&nbsp;<\/p>\n","protected":false},"excerpt":{"rendered":"<p>Benvolgudes fam\u00edlies!! Comen\u00e7a el curs 2022\/2023 amb els petits de l\u2019escola. Els nous integrants del Ruyra acaben de comen\u00e7ar l\u2019escola i encara tot \u00e9s nou per ells. Els hi afloren moltes emocions en aquestes setmanes perqu\u00e8 s\u2019estan adaptant al centre, als mestres i als companys&#8230;..per\u00f2&hellip;  <a href=\"https:\/\/agora.xtec.cat\/ceip-jruyra-l-h\/infantil\/i3\/adaptacio-a-p3\/\" title=\"Read ADAPTACI\u00d3 A P3\">Llegeix m\u00e9s\u00bb<\/a><\/p>\n","protected":false},"author":1,"featured_media":13019,"comment_status":"open","ping_status":"closed","sticky":false,"template":"","format":"standard","meta":{"_bbp_topic_count":0,"_bbp_reply_count":0,"_bbp_total_topic_count":0,"_bbp_total_reply_count":0,"_bbp_voice_count":0,"_bbp_anonymous_reply_count":0,"_bbp_topic_count_hidden":0,"_bbp_reply_count_hidden":0,"_bbp_forum_subforum_count":0,"footnotes":""},"categories":[3],"tags":[],"class_list":["post-13017","post","type-post","status-publish","format-standard","has-post-thumbnail","hentry","category-i3"],"post_mailing_queue_ids":[],"_links":{"self":[{"href":"https:\/\/agora.xtec.cat\/ceip-jruyra-l-h\/wp-json\/wp\/v2\/posts\/13017","targetHints":{"allow":["GET"]}}],"collection":[{"href":"https:\/\/agora.xtec.cat\/ceip-jruyra-l-h\/wp-json\/wp\/v2\/posts"}],"about":[{"href":"https:\/\/agora.xtec.cat\/ceip-jruyra-l-h\/wp-json\/wp\/v2\/types\/post"}],"author":[{"embeddable":true,"href":"https:\/\/agora.xtec.cat\/ceip-jruyra-l-h\/wp-json\/wp\/v2\/users\/1"}],"replies":[{"embeddable":true,"href":"https:\/\/agora.xtec.cat\/ceip-jruyra-l-h\/wp-json\/wp\/v2\/comments?post=13017"}],"version-history":[{"count":2,"href":"https:\/\/agora.xtec.cat\/ceip-jruyra-l-h\/wp-json\/wp\/v2\/posts\/13017\/revisions"}],"predecessor-version":[{"id":13025,"href":"https:\/\/agora.xtec.cat\/ceip-jruyra-l-h\/wp-json\/wp\/v2\/posts\/13017\/revisions\/13025"}],"wp:featuredmedia":[{"embeddable":true,"href":"https:\/\/agora.xtec.cat\/ceip-jruyra-l-h\/wp-json\/wp\/v2\/media\/13019"}],"wp:attachment":[{"href":"https:\/\/agora.xtec.cat\/ceip-jruyra-l-h\/wp-json\/wp\/v2\/media?parent=13017"}],"wp:term":[{"taxonomy":"category","embeddable":true,"href":"https:\/\/agora.xtec.cat\/ceip-jruyra-l-h\/wp-json\/wp\/v2\/categories?post=13017"},{"taxonomy":"post_tag","embeddable":true,"href":"https:\/\/agora.xtec.cat\/ceip-jruyra-l-h\/wp-json\/wp\/v2\/tags?post=13017"}],"curies":[{"name":"wp","href":"https:\/\/api.w.org\/{rel}","templated":true}]}}