{"id":12967,"date":"2022-07-12T20:49:22","date_gmt":"2022-07-12T18:49:22","guid":{"rendered":"https:\/\/agora.xtec.cat\/ceip-jruyra-l-h\/?p=12967"},"modified":"2025-02-16T12:24:52","modified_gmt":"2025-02-16T11:24:52","slug":"horari-de-setembre-a-infantil-primaria","status":"publish","type":"post","link":"https:\/\/agora.xtec.cat\/ceip-jruyra-l-h\/general\/horari-de-setembre-a-infantil-primaria\/","title":{"rendered":"Horari de setembre a infantil, prim\u00e0ria"},"content":{"rendered":"<blockquote>\n<div dir=\"ltr\">\n<div dir=\"ltr\">\n<p>Benvolgudes fam\u00edlies,<\/p>\n<div><\/div>\n<div>Com ja sabeu, el curs 2022-2023 comen\u00e7ar\u00e0 el dilluns<b>\u00a05 de setembre<\/b>\u00a0per les etapes d&#8217;<b>Infantil i Prim\u00e0ria<\/b>.<\/div>\n<div><\/div>\n<div>Al llarg de tot el mes de setembre, del 5 fins al 30, l&#8217;horari lectiu de jornada intensiva ser\u00e0:<\/div>\n<\/div>\n<div><\/div>\n<div><strong>Prim\u00e0ria: 8:30 a 13:30<\/strong><\/div>\n<div><strong>Infantil: 9:30 a 13:30<\/strong><\/div>\n<div dir=\"ltr\">\n<div><\/div>\n<div>Seguidament, els alumnes podran fer \u00fas del servei de menjador fins les 15:30h i fer activitats l\u00fadiques fins a les 16:30h.<\/div>\n<div>L&#8217;hora de 15:30h a 16:30h no representar\u00e0 cap cost econ\u00f2mic extra per les fam\u00edlies i estar\u00e0 dinamitzat per l&#8217;empresa de menjador.<\/div>\n<div><\/div>\n<div><\/div>\n<div>A partir del dilluns\u00a0<b>3\u00a0d&#8217;octubre<\/b> l&#8217;horari ja ser\u00e0 de jornada sencera: de 8:30h (9:30 per infantil) a 13h i de 15:00h a 16:30h, amb el servei de menjador al migdia.<\/div>\n<div><a href=\"https:\/\/agora.xtec.cat\/ceip-jruyra-l-h\/wp-content\/uploads\/usu2049\/2022\/07\/school-1575835-scaled.jpg\"><img loading=\"lazy\" decoding=\"async\" class=\"size-large wp-image-12968 aligncenter\" src=\"https:\/\/agora.xtec.cat\/ceip-jruyra-l-h\/wp-content\/uploads\/usu2049\/2022\/07\/school-1575835-1024x456.jpg\" alt=\"\" width=\"1024\" height=\"456\" srcset=\"https:\/\/agora.xtec.cat\/ceip-jruyra-l-h\/wp-content\/uploads\/usu2049\/2022\/07\/school-1575835-1024x456.jpg 1024w, https:\/\/agora.xtec.cat\/ceip-jruyra-l-h\/wp-content\/uploads\/usu2049\/2022\/07\/school-1575835-300x134.jpg 300w, https:\/\/agora.xtec.cat\/ceip-jruyra-l-h\/wp-content\/uploads\/usu2049\/2022\/07\/school-1575835-768x342.jpg 768w, https:\/\/agora.xtec.cat\/ceip-jruyra-l-h\/wp-content\/uploads\/usu2049\/2022\/07\/school-1575835-1536x684.jpg 1536w, https:\/\/agora.xtec.cat\/ceip-jruyra-l-h\/wp-content\/uploads\/usu2049\/2022\/07\/school-1575835-2048x913.jpg 2048w\" sizes=\"auto, (max-width: 1024px) 100vw, 1024px\" \/><\/a><\/div>\n<\/div>\n<\/div>\n<\/blockquote>\n","protected":false},"excerpt":{"rendered":"<p>Com ja sabeu, el curs 2022-2023 comen\u00e7ar\u00e0 el dilluns\u00a05 de setembre\u00a0per les etapes d&#8217;Infantil i Prim\u00e0ria.<\/p>\n<p>Al llarg de tot el mes de setembre, del 5 fins al 30, l&#8217;horari lectiu de jornada intensiva ser\u00e0:<\/p>\n<p>Prim\u00e0ria: 8:30 a 13:30<br \/>\nInfantil: 9:30 a 13:30&hellip;  <a href=\"https:\/\/agora.xtec.cat\/ceip-jruyra-l-h\/general\/horari-de-setembre-a-infantil-primaria\/\" title=\"Read Horari de setembre a infantil, prim\u00e0ria\">Llegeix m\u00e9s\u00bb<\/a><\/p>\n","protected":false},"author":16,"featured_media":12968,"comment_status":"open","ping_status":"closed","sticky":false,"template":"","format":"standard","meta":{"_bbp_topic_count":0,"_bbp_reply_count":0,"_bbp_total_topic_count":0,"_bbp_total_reply_count":0,"_bbp_voice_count":0,"_bbp_anonymous_reply_count":0,"_bbp_topic_count_hidden":0,"_bbp_reply_count_hidden":0,"_bbp_forum_subforum_count":0,"footnotes":""},"categories":[60,1,4],"tags":[],"class_list":["post-12967","post","type-post","status-publish","format-standard","has-post-thumbnail","hentry","category-cdaxarxa","category-general","category-portada"],"post_mailing_queue_ids":[],"_links":{"self":[{"href":"https:\/\/agora.xtec.cat\/ceip-jruyra-l-h\/wp-json\/wp\/v2\/posts\/12967","targetHints":{"allow":["GET"]}}],"collection":[{"href":"https:\/\/agora.xtec.cat\/ceip-jruyra-l-h\/wp-json\/wp\/v2\/posts"}],"about":[{"href":"https:\/\/agora.xtec.cat\/ceip-jruyra-l-h\/wp-json\/wp\/v2\/types\/post"}],"author":[{"embeddable":true,"href":"https:\/\/agora.xtec.cat\/ceip-jruyra-l-h\/wp-json\/wp\/v2\/users\/16"}],"replies":[{"embeddable":true,"href":"https:\/\/agora.xtec.cat\/ceip-jruyra-l-h\/wp-json\/wp\/v2\/comments?post=12967"}],"version-history":[{"count":3,"href":"https:\/\/agora.xtec.cat\/ceip-jruyra-l-h\/wp-json\/wp\/v2\/posts\/12967\/revisions"}],"predecessor-version":[{"id":12980,"href":"https:\/\/agora.xtec.cat\/ceip-jruyra-l-h\/wp-json\/wp\/v2\/posts\/12967\/revisions\/12980"}],"wp:featuredmedia":[{"embeddable":true,"href":"https:\/\/agora.xtec.cat\/ceip-jruyra-l-h\/wp-json\/wp\/v2\/media\/12968"}],"wp:attachment":[{"href":"https:\/\/agora.xtec.cat\/ceip-jruyra-l-h\/wp-json\/wp\/v2\/media?parent=12967"}],"wp:term":[{"taxonomy":"category","embeddable":true,"href":"https:\/\/agora.xtec.cat\/ceip-jruyra-l-h\/wp-json\/wp\/v2\/categories?post=12967"},{"taxonomy":"post_tag","embeddable":true,"href":"https:\/\/agora.xtec.cat\/ceip-jruyra-l-h\/wp-json\/wp\/v2\/tags?post=12967"}],"curies":[{"name":"wp","href":"https:\/\/api.w.org\/{rel}","templated":true}]}}