{"id":12423,"date":"2022-05-19T17:39:41","date_gmt":"2022-05-19T15:39:41","guid":{"rendered":"https:\/\/agora.xtec.cat\/ceip-jruyra-l-h\/?p=12423"},"modified":"2025-02-16T12:25:05","modified_gmt":"2025-02-16T11:25:05","slug":"x-encuentro-internacional-de-centros-comunidad-de-aprendizaje","status":"publish","type":"post","link":"https:\/\/agora.xtec.cat\/ceip-jruyra-l-h\/general\/x-encuentro-internacional-de-centros-comunidad-de-aprendizaje\/","title":{"rendered":"X Encuentro Internacional de Centros Comunidad de Aprendizaje"},"content":{"rendered":"<p>Benvolgudes fam\u00edlies,<\/p>\n<p><strong>El 20 i el 21 de maig de 2022<\/strong> tindr\u00e0 lloc en el <a class=\"cmNavContentLink\" title=\"Contacto y ubicaci\u00f3n del X Encuentro CdA\" href=\"https:\/\/www.educa.jccm.es\/es\/sistema-educativo\/estrategia-exito-educativo-castilla-mancha\/convivencia\/comunidades-aprendizaje\/x-encuentro-internacional-centros-comunidad-aprendizaje\/contacto-ubicacion-x-encuentro-cda\">Campus Universitari de la UCLM<\/a> i en diferents llocs de Cuenca (Castella &#8211; la Manxa) la X Trobada Internacional de Comunitats d&#8217;Aprenentatge.<\/p>\n<p>Un grup de mestres de l&#8217;escola participarem presencialment en aquestes Jornades. Per tots aquells que no podreu assistir us deixem l&#8217;enlla\u00e7 a la p\u00e0gina web en que es podran seguir totes les confer\u00e8ncies que hi ha programades per aquest dissabte.<\/p>\n<p><a href=\"https:\/\/www.educa.jccm.es\/es\/sistema-educativo\/estrategia-exito-educativo-castilla-mancha\/convivencia\/comunidades-aprendizaje\/x-encuentro-internacional-centros-comunidad-aprendizaje#:~:text=El%2020%20y%2021%20de,Internacional%20de%20Comunidades%20de%20Aprendizaje.\"><img loading=\"lazy\" decoding=\"async\" class=\"alignnone\" src=\"https:\/\/www.educa.jccm.es\/es\/banners\/371080-Ct_EncuentroCdA3.jpg\" alt=\"\" width=\"1350\" height=\"222\" \/><\/a><\/p>\n<p>&nbsp;<\/p>\n","protected":false},"excerpt":{"rendered":"<p>Benvolgudes fam\u00edlies,<br \/>\nEl 20 i el 21 de maig de 2022 tindr\u00e0 lloc en el <a class=\"cmNavContentLink\" title=\"Contacto y ubicaci\u00f3n del X Encuentro CdA\" href=\"https:\/\/www.educa.jccm.es\/es\/sistema-educativo\/estrategia-exito-educativo-castilla-mancha\/convivencia\/comunidades-aprendizaje\/x-encuentro-internacional-centros-comunidad-aprendizaje\/contacto-ubicacion-x-encuentro-cda\">Campus Universitari de la UCLM<\/a> i en diferents llocs de Cuenca (Castella &#8211; la Manxa) la X Trobada Internacional de Comunitats d&#8217;Aprenentatge.<br \/>\nUn&hellip;  <a href=\"https:\/\/agora.xtec.cat\/ceip-jruyra-l-h\/general\/x-encuentro-internacional-de-centros-comunidad-de-aprendizaje\/\" title=\"Read X Encuentro Internacional de Centros Comunidad de Aprendizaje\">Llegeix m\u00e9s\u00bb<\/a><\/p>\n","protected":false},"author":3,"featured_media":12424,"comment_status":"open","ping_status":"closed","sticky":false,"template":"","format":"standard","meta":{"_bbp_topic_count":0,"_bbp_reply_count":0,"_bbp_total_topic_count":0,"_bbp_total_reply_count":0,"_bbp_voice_count":0,"_bbp_anonymous_reply_count":0,"_bbp_topic_count_hidden":0,"_bbp_reply_count_hidden":0,"_bbp_forum_subforum_count":0,"footnotes":""},"categories":[60,1,4],"tags":[83],"class_list":["post-12423","post","type-post","status-publish","format-standard","has-post-thumbnail","hentry","category-cdaxarxa","category-general","category-portada","tag-comunitats-daprenentatge"],"post_mailing_queue_ids":[],"_links":{"self":[{"href":"https:\/\/agora.xtec.cat\/ceip-jruyra-l-h\/wp-json\/wp\/v2\/posts\/12423","targetHints":{"allow":["GET"]}}],"collection":[{"href":"https:\/\/agora.xtec.cat\/ceip-jruyra-l-h\/wp-json\/wp\/v2\/posts"}],"about":[{"href":"https:\/\/agora.xtec.cat\/ceip-jruyra-l-h\/wp-json\/wp\/v2\/types\/post"}],"author":[{"embeddable":true,"href":"https:\/\/agora.xtec.cat\/ceip-jruyra-l-h\/wp-json\/wp\/v2\/users\/3"}],"replies":[{"embeddable":true,"href":"https:\/\/agora.xtec.cat\/ceip-jruyra-l-h\/wp-json\/wp\/v2\/comments?post=12423"}],"version-history":[{"count":1,"href":"https:\/\/agora.xtec.cat\/ceip-jruyra-l-h\/wp-json\/wp\/v2\/posts\/12423\/revisions"}],"predecessor-version":[{"id":12425,"href":"https:\/\/agora.xtec.cat\/ceip-jruyra-l-h\/wp-json\/wp\/v2\/posts\/12423\/revisions\/12425"}],"wp:featuredmedia":[{"embeddable":true,"href":"https:\/\/agora.xtec.cat\/ceip-jruyra-l-h\/wp-json\/wp\/v2\/media\/12424"}],"wp:attachment":[{"href":"https:\/\/agora.xtec.cat\/ceip-jruyra-l-h\/wp-json\/wp\/v2\/media?parent=12423"}],"wp:term":[{"taxonomy":"category","embeddable":true,"href":"https:\/\/agora.xtec.cat\/ceip-jruyra-l-h\/wp-json\/wp\/v2\/categories?post=12423"},{"taxonomy":"post_tag","embeddable":true,"href":"https:\/\/agora.xtec.cat\/ceip-jruyra-l-h\/wp-json\/wp\/v2\/tags?post=12423"}],"curies":[{"name":"wp","href":"https:\/\/api.w.org\/{rel}","templated":true}]}}