{"id":12363,"date":"2022-05-15T21:39:12","date_gmt":"2022-05-15T19:39:12","guid":{"rendered":"https:\/\/agora.xtec.cat\/ceip-jruyra-l-h\/?p=12363"},"modified":"2022-05-12T21:39:57","modified_gmt":"2022-05-12T19:39:57","slug":"p4b-projecte-de-la-classe-doceania","status":"publish","type":"post","link":"https:\/\/agora.xtec.cat\/ceip-jruyra-l-h\/infantil\/p4b-projecte-de-la-classe-doceania\/","title":{"rendered":"P4B. Projecte de la classe d&#8217;Oceania"},"content":{"rendered":"<p>Aquesta setmana hem conegut els instruments m\u00e9s rellevants del continent d&#8217;Oceania. Tant el seu aspecte f\u00edsic com el seu so caracter\u00edstic. A m\u00e9s a m\u00e9s,\u00a0 hem aprofitat els instruments que tenim a la nostra escola per con\u00e8ixer tamb\u00e9 els del nostre entorn m\u00e9s proper. Aquests els han pogut tocar i experimentar el so en viu de cadasc\u00fa.<\/p>\n<p>S&#8217;ho han passat molt b\u00e9!!<\/p>\n<p><a href=\"https:\/\/agora.xtec.cat\/ceip-jruyra-l-h\/wp-content\/uploads\/usu2049\/2022\/05\/IMG20220505154119.jpg\"><img loading=\"lazy\" decoding=\"async\" class=\"alignnone size-large wp-image-12364\" src=\"https:\/\/agora.xtec.cat\/ceip-jruyra-l-h\/wp-content\/uploads\/usu2049\/2022\/05\/IMG20220505154119-1024x458.jpg\" alt=\"\" width=\"1024\" height=\"458\" srcset=\"https:\/\/agora.xtec.cat\/ceip-jruyra-l-h\/wp-content\/uploads\/usu2049\/2022\/05\/IMG20220505154119-1024x458.jpg 1024w, https:\/\/agora.xtec.cat\/ceip-jruyra-l-h\/wp-content\/uploads\/usu2049\/2022\/05\/IMG20220505154119-300x134.jpg 300w, https:\/\/agora.xtec.cat\/ceip-jruyra-l-h\/wp-content\/uploads\/usu2049\/2022\/05\/IMG20220505154119-768x344.jpg 768w, https:\/\/agora.xtec.cat\/ceip-jruyra-l-h\/wp-content\/uploads\/usu2049\/2022\/05\/IMG20220505154119.jpg 1280w\" sizes=\"auto, (max-width: 1024px) 100vw, 1024px\" \/><\/a><a href=\"https:\/\/agora.xtec.cat\/ceip-jruyra-l-h\/wp-content\/uploads\/usu2049\/2022\/05\/IMG20220505154007.jpg\"><img loading=\"lazy\" decoding=\"async\" class=\"alignnone size-large wp-image-12365\" src=\"https:\/\/agora.xtec.cat\/ceip-jruyra-l-h\/wp-content\/uploads\/usu2049\/2022\/05\/IMG20220505154007-1024x458.jpg\" alt=\"\" width=\"1024\" height=\"458\" srcset=\"https:\/\/agora.xtec.cat\/ceip-jruyra-l-h\/wp-content\/uploads\/usu2049\/2022\/05\/IMG20220505154007-1024x458.jpg 1024w, https:\/\/agora.xtec.cat\/ceip-jruyra-l-h\/wp-content\/uploads\/usu2049\/2022\/05\/IMG20220505154007-300x134.jpg 300w, https:\/\/agora.xtec.cat\/ceip-jruyra-l-h\/wp-content\/uploads\/usu2049\/2022\/05\/IMG20220505154007-768x344.jpg 768w, https:\/\/agora.xtec.cat\/ceip-jruyra-l-h\/wp-content\/uploads\/usu2049\/2022\/05\/IMG20220505154007.jpg 1280w\" sizes=\"auto, (max-width: 1024px) 100vw, 1024px\" \/><\/a><\/p>\n<p>Us deixo un enlla\u00e7 amb algunes fotos:<\/p>\n<p><a href=\"https:\/\/drive.google.com\/drive\/folders\/1QM0VdEEYvyIUr9npNmJ1C3nRVT9TTvJz?usp=sharing\">https:\/\/drive.google.com\/drive\/folders\/1QM0VdEEYvyIUr9npNmJ1C3nRVT9TTvJz?usp=sharing<\/a><\/p>\n<p>&nbsp;<\/p>\n<p>&nbsp;<\/p>\n","protected":false},"excerpt":{"rendered":"<p>Aquesta setmana hem conegut els instruments m\u00e9s rellevants del continent d&#8217;Oceania. Tant el seu aspecte f\u00edsic com el seu so caracter\u00edstic. A m\u00e9s a m\u00e9s,\u00a0 hem aprofitat els instruments que tenim a la nostra escola per con\u00e8ixer tamb\u00e9 els del nostre entorn m\u00e9s proper. Aquests&hellip;  <a href=\"https:\/\/agora.xtec.cat\/ceip-jruyra-l-h\/infantil\/p4b-projecte-de-la-classe-doceania\/\" title=\"Read P4B. Projecte de la classe d&#8217;Oceania\">Llegeix m\u00e9s\u00bb<\/a><\/p>\n","protected":false},"author":1,"featured_media":12364,"comment_status":"open","ping_status":"closed","sticky":false,"template":"","format":"standard","meta":{"_bbp_topic_count":0,"_bbp_reply_count":0,"_bbp_total_topic_count":0,"_bbp_total_reply_count":0,"_bbp_voice_count":0,"_bbp_anonymous_reply_count":0,"_bbp_topic_count_hidden":0,"_bbp_reply_count_hidden":0,"_bbp_forum_subforum_count":0,"footnotes":""},"categories":[2,8],"tags":[],"class_list":["post-12363","post","type-post","status-publish","format-standard","has-post-thumbnail","hentry","category-infantil","category-i4"],"post_mailing_queue_ids":[],"_links":{"self":[{"href":"https:\/\/agora.xtec.cat\/ceip-jruyra-l-h\/wp-json\/wp\/v2\/posts\/12363","targetHints":{"allow":["GET"]}}],"collection":[{"href":"https:\/\/agora.xtec.cat\/ceip-jruyra-l-h\/wp-json\/wp\/v2\/posts"}],"about":[{"href":"https:\/\/agora.xtec.cat\/ceip-jruyra-l-h\/wp-json\/wp\/v2\/types\/post"}],"author":[{"embeddable":true,"href":"https:\/\/agora.xtec.cat\/ceip-jruyra-l-h\/wp-json\/wp\/v2\/users\/1"}],"replies":[{"embeddable":true,"href":"https:\/\/agora.xtec.cat\/ceip-jruyra-l-h\/wp-json\/wp\/v2\/comments?post=12363"}],"version-history":[{"count":1,"href":"https:\/\/agora.xtec.cat\/ceip-jruyra-l-h\/wp-json\/wp\/v2\/posts\/12363\/revisions"}],"predecessor-version":[{"id":12366,"href":"https:\/\/agora.xtec.cat\/ceip-jruyra-l-h\/wp-json\/wp\/v2\/posts\/12363\/revisions\/12366"}],"wp:featuredmedia":[{"embeddable":true,"href":"https:\/\/agora.xtec.cat\/ceip-jruyra-l-h\/wp-json\/wp\/v2\/media\/12364"}],"wp:attachment":[{"href":"https:\/\/agora.xtec.cat\/ceip-jruyra-l-h\/wp-json\/wp\/v2\/media?parent=12363"}],"wp:term":[{"taxonomy":"category","embeddable":true,"href":"https:\/\/agora.xtec.cat\/ceip-jruyra-l-h\/wp-json\/wp\/v2\/categories?post=12363"},{"taxonomy":"post_tag","embeddable":true,"href":"https:\/\/agora.xtec.cat\/ceip-jruyra-l-h\/wp-json\/wp\/v2\/tags?post=12363"}],"curies":[{"name":"wp","href":"https:\/\/api.w.org\/{rel}","templated":true}]}}