{"id":12335,"date":"2022-05-11T12:55:45","date_gmt":"2022-05-11T10:55:45","guid":{"rendered":"https:\/\/agora.xtec.cat\/ceip-jruyra-l-h\/?p=12335"},"modified":"2025-02-16T12:25:05","modified_gmt":"2025-02-16T11:25:05","slug":"comissio-mixta-per-parlar-de-lacte-de-graduacio-de-6e","status":"publish","type":"post","link":"https:\/\/agora.xtec.cat\/ceip-jruyra-l-h\/general\/comissio-mixta-per-parlar-de-lacte-de-graduacio-de-6e\/","title":{"rendered":"Comissi\u00f3 mixta per parlar de l&#8217;acte de graduaci\u00f3 de 6\u00e8"},"content":{"rendered":"<p style=\"text-align: center;\"><a href=\"https:\/\/agora.xtec.cat\/ceip-jruyra-l-h\/wp-content\/uploads\/usu2049\/2022\/05\/Gris-Pizarra-Oscuro-Graduacion-Programa.jpg\"><img loading=\"lazy\" decoding=\"async\" class=\"alignnone size-large wp-image-12336\" src=\"https:\/\/agora.xtec.cat\/ceip-jruyra-l-h\/wp-content\/uploads\/usu2049\/2022\/05\/Gris-Pizarra-Oscuro-Graduacion-Programa-724x1024.jpg\" alt=\"\" width=\"724\" height=\"1024\" srcset=\"https:\/\/agora.xtec.cat\/ceip-jruyra-l-h\/wp-content\/uploads\/usu2049\/2022\/05\/Gris-Pizarra-Oscuro-Graduacion-Programa-724x1024.jpg 724w, https:\/\/agora.xtec.cat\/ceip-jruyra-l-h\/wp-content\/uploads\/usu2049\/2022\/05\/Gris-Pizarra-Oscuro-Graduacion-Programa-212x300.jpg 212w, https:\/\/agora.xtec.cat\/ceip-jruyra-l-h\/wp-content\/uploads\/usu2049\/2022\/05\/Gris-Pizarra-Oscuro-Graduacion-Programa-768x1086.jpg 768w, https:\/\/agora.xtec.cat\/ceip-jruyra-l-h\/wp-content\/uploads\/usu2049\/2022\/05\/Gris-Pizarra-Oscuro-Graduacion-Programa-1086x1536.jpg 1086w, https:\/\/agora.xtec.cat\/ceip-jruyra-l-h\/wp-content\/uploads\/usu2049\/2022\/05\/Gris-Pizarra-Oscuro-Graduacion-Programa.jpg 1414w\" sizes=\"auto, (max-width: 724px) 100vw, 724px\" \/><\/a><\/p>\n","protected":false},"excerpt":{"rendered":"<p><a href=\"https:\/\/agora.xtec.cat\/ceip-jruyra-l-h\/wp-content\/uploads\/usu2049\/2022\/05\/Gris-Pizarra-Oscuro-Graduacion-Programa.jpg\"><\/a><\/p>\n","protected":false},"author":16,"featured_media":12336,"comment_status":"open","ping_status":"closed","sticky":false,"template":"","format":"standard","meta":{"_bbp_topic_count":0,"_bbp_reply_count":0,"_bbp_total_topic_count":0,"_bbp_total_reply_count":0,"_bbp_voice_count":0,"_bbp_anonymous_reply_count":0,"_bbp_topic_count_hidden":0,"_bbp_reply_count_hidden":0,"_bbp_forum_subforum_count":0,"footnotes":""},"categories":[15,60,1,4],"tags":[71,83,67],"class_list":["post-12335","post","type-post","status-publish","format-standard","has-post-thumbnail","hentry","category-6e","category-cdaxarxa","category-general","category-portada","tag-actuacions-educatives-dexit","tag-comunitats-daprenentatge","tag-participacio-educativa-de-la-comunitat"],"post_mailing_queue_ids":[],"_links":{"self":[{"href":"https:\/\/agora.xtec.cat\/ceip-jruyra-l-h\/wp-json\/wp\/v2\/posts\/12335","targetHints":{"allow":["GET"]}}],"collection":[{"href":"https:\/\/agora.xtec.cat\/ceip-jruyra-l-h\/wp-json\/wp\/v2\/posts"}],"about":[{"href":"https:\/\/agora.xtec.cat\/ceip-jruyra-l-h\/wp-json\/wp\/v2\/types\/post"}],"author":[{"embeddable":true,"href":"https:\/\/agora.xtec.cat\/ceip-jruyra-l-h\/wp-json\/wp\/v2\/users\/16"}],"replies":[{"embeddable":true,"href":"https:\/\/agora.xtec.cat\/ceip-jruyra-l-h\/wp-json\/wp\/v2\/comments?post=12335"}],"version-history":[{"count":1,"href":"https:\/\/agora.xtec.cat\/ceip-jruyra-l-h\/wp-json\/wp\/v2\/posts\/12335\/revisions"}],"predecessor-version":[{"id":12337,"href":"https:\/\/agora.xtec.cat\/ceip-jruyra-l-h\/wp-json\/wp\/v2\/posts\/12335\/revisions\/12337"}],"wp:featuredmedia":[{"embeddable":true,"href":"https:\/\/agora.xtec.cat\/ceip-jruyra-l-h\/wp-json\/wp\/v2\/media\/12336"}],"wp:attachment":[{"href":"https:\/\/agora.xtec.cat\/ceip-jruyra-l-h\/wp-json\/wp\/v2\/media?parent=12335"}],"wp:term":[{"taxonomy":"category","embeddable":true,"href":"https:\/\/agora.xtec.cat\/ceip-jruyra-l-h\/wp-json\/wp\/v2\/categories?post=12335"},{"taxonomy":"post_tag","embeddable":true,"href":"https:\/\/agora.xtec.cat\/ceip-jruyra-l-h\/wp-json\/wp\/v2\/tags?post=12335"}],"curies":[{"name":"wp","href":"https:\/\/api.w.org\/{rel}","templated":true}]}}