{"id":12225,"date":"2022-05-02T07:00:58","date_gmt":"2022-05-02T05:00:58","guid":{"rendered":"https:\/\/agora.xtec.cat\/ceip-jruyra-l-h\/?p=12225"},"modified":"2022-04-28T15:13:19","modified_gmt":"2022-04-28T13:13:19","slug":"un-dia-per-gaudir-de-les-matematiques","status":"publish","type":"post","link":"https:\/\/agora.xtec.cat\/ceip-jruyra-l-h\/general\/un-dia-per-gaudir-de-les-matematiques\/","title":{"rendered":"Un dia per gaudir de les matem\u00e0tiques!"},"content":{"rendered":"<p><span style=\"font-weight: 400;\">El dia 5 d\u2019abril les nenes i nens de 2n van anar al Museu de les Matem\u00e0tiques de Catalunya (MMCA), que es troba a Cornell\u00e0 de Llobregat. Al museu van estar fent jocs matem\u00e0tics on els convidaven a posar en pr\u00e0ctica les seves habilitats matem\u00e0tiques i la seva creativitat.\u00a0<\/span><\/p>\n<p><span style=\"font-weight: 400;\">Des de jugar amb el concepte de simetria amb un mirall, passant per la reproducci\u00f3 de dibuixos a trav\u00e9s d\u2019un Tangram, aix\u00ed com jugar amb daus i pilotes per treballar el concepte de la multiplicaci\u00f3 o fer seriacions i associacions amb pals de gelat.\u00a0 Fins i tot van construir estructures en tres dimensions a partir de peces en forma de quadrats, pent\u00e0gons i altres formes geom\u00e8triques. S\u2019ho van passar genial i van aprendre, descobrir i gaudir en un entorn plenament matem\u00e0tic.<\/span><\/p>\n<p><span style=\"font-weight: 400;\">\u00a0A m\u00e9s a m\u00e9s, va fer un dia espl\u00e8ndid que ens va acompanyar durant tota l\u2019excursi\u00f3, incl\u00fas van sortir els \u00e0necs a saludar-nos!<\/span><\/p>\n<p><span style=\"font-weight: 400;\">Aqu\u00ed us deixem una col\u00b7lecci\u00f3 de fotos molt maques.\u00a0<\/span><\/p>\n<p><a href=\"https:\/\/www.youtube.com\/watch?v=EeEx79IxfNs\"><img loading=\"lazy\" decoding=\"async\" class=\"alignnone wp-image-12253\" src=\"https:\/\/agora.xtec.cat\/ceip-jruyra-l-h\/wp-content\/uploads\/usu2049\/2022\/04\/portada-1024x577.png\" alt=\"\" width=\"231\" height=\"131\" srcset=\"https:\/\/agora.xtec.cat\/ceip-jruyra-l-h\/wp-content\/uploads\/usu2049\/2022\/04\/portada-1024x577.png 1024w, https:\/\/agora.xtec.cat\/ceip-jruyra-l-h\/wp-content\/uploads\/usu2049\/2022\/04\/portada-300x169.png 300w, https:\/\/agora.xtec.cat\/ceip-jruyra-l-h\/wp-content\/uploads\/usu2049\/2022\/04\/portada-768x433.png 768w, https:\/\/agora.xtec.cat\/ceip-jruyra-l-h\/wp-content\/uploads\/usu2049\/2022\/04\/portada.png 1376w\" sizes=\"auto, (max-width: 231px) 100vw, 231px\" \/><\/a><\/p>\n<p>&nbsp;<\/p>\n","protected":false},"excerpt":{"rendered":"<p>El dia 5 d\u2019abril les nenes i nens de 2n van anar al Museu de les Matem\u00e0tiques de Catalunya (MMCA), que es troba a Cornell\u00e0 de Llobregat. Al museu van estar fent jocs matem\u00e0tics on els convidaven a posar en pr\u00e0ctica les seves habilitats matem\u00e0tiques&hellip;  <a href=\"https:\/\/agora.xtec.cat\/ceip-jruyra-l-h\/general\/un-dia-per-gaudir-de-les-matematiques\/\" title=\"Read Un dia per gaudir de les matem\u00e0tiques!\">Llegeix m\u00e9s\u00bb<\/a><\/p>\n","protected":false},"author":1,"featured_media":12253,"comment_status":"open","ping_status":"closed","sticky":false,"template":"","format":"standard","meta":{"_bbp_topic_count":0,"_bbp_reply_count":0,"_bbp_total_topic_count":0,"_bbp_total_reply_count":0,"_bbp_voice_count":0,"_bbp_anonymous_reply_count":0,"_bbp_topic_count_hidden":0,"_bbp_reply_count_hidden":0,"_bbp_forum_subforum_count":0,"footnotes":""},"categories":[11,1,5],"tags":[],"class_list":["post-12225","post","type-post","status-publish","format-standard","has-post-thumbnail","hentry","category-2n","category-general","category-primaria"],"post_mailing_queue_ids":[],"_links":{"self":[{"href":"https:\/\/agora.xtec.cat\/ceip-jruyra-l-h\/wp-json\/wp\/v2\/posts\/12225","targetHints":{"allow":["GET"]}}],"collection":[{"href":"https:\/\/agora.xtec.cat\/ceip-jruyra-l-h\/wp-json\/wp\/v2\/posts"}],"about":[{"href":"https:\/\/agora.xtec.cat\/ceip-jruyra-l-h\/wp-json\/wp\/v2\/types\/post"}],"author":[{"embeddable":true,"href":"https:\/\/agora.xtec.cat\/ceip-jruyra-l-h\/wp-json\/wp\/v2\/users\/1"}],"replies":[{"embeddable":true,"href":"https:\/\/agora.xtec.cat\/ceip-jruyra-l-h\/wp-json\/wp\/v2\/comments?post=12225"}],"version-history":[{"count":3,"href":"https:\/\/agora.xtec.cat\/ceip-jruyra-l-h\/wp-json\/wp\/v2\/posts\/12225\/revisions"}],"predecessor-version":[{"id":12283,"href":"https:\/\/agora.xtec.cat\/ceip-jruyra-l-h\/wp-json\/wp\/v2\/posts\/12225\/revisions\/12283"}],"wp:featuredmedia":[{"embeddable":true,"href":"https:\/\/agora.xtec.cat\/ceip-jruyra-l-h\/wp-json\/wp\/v2\/media\/12253"}],"wp:attachment":[{"href":"https:\/\/agora.xtec.cat\/ceip-jruyra-l-h\/wp-json\/wp\/v2\/media?parent=12225"}],"wp:term":[{"taxonomy":"category","embeddable":true,"href":"https:\/\/agora.xtec.cat\/ceip-jruyra-l-h\/wp-json\/wp\/v2\/categories?post=12225"},{"taxonomy":"post_tag","embeddable":true,"href":"https:\/\/agora.xtec.cat\/ceip-jruyra-l-h\/wp-json\/wp\/v2\/tags?post=12225"}],"curies":[{"name":"wp","href":"https:\/\/api.w.org\/{rel}","templated":true}]}}