{"id":12140,"date":"2022-04-11T15:00:32","date_gmt":"2022-04-11T13:00:32","guid":{"rendered":"https:\/\/agora.xtec.cat\/ceip-jruyra-l-h\/?p=12140"},"modified":"2025-02-16T12:25:17","modified_gmt":"2025-02-16T11:25:17","slug":"lescola-de-vida-a-senderi","status":"publish","type":"post","link":"https:\/\/agora.xtec.cat\/ceip-jruyra-l-h\/general\/lescola-de-vida-a-senderi\/","title":{"rendered":"L&#8217;Escola de Vida a Senderi"},"content":{"rendered":"<div data-hveid=\"CAQQAA\" data-ved=\"2ahUKEwi2kc6414T3AhUTgP0HHernCyQQFSgAegQIBBAA\">\n<div class=\"jtfYYd\" data-sokoban-container=\"SOKOBAN_9831549258472650584\">\n<div class=\"NJo7tc Z26q7c uUuwM\" data-content-feature=\"1\">\n<p class=\"VwiC3b yXK7lf MUxGbd yDYNvb lyLwlc lEBKkf\">L&#8217;Escola de Vida, la Formaci\u00f3 de Familiars que es porta a terme a la nostra Comunitat d&#8217;Aprenentatge, continua apareixent a diferents mitjans de comunicaci\u00f3. En aquesta ocasi\u00f3, per part de Senderi, un Butllet\u00ed d&#8217;<em>educaci\u00f3 en valors<\/em>, en iniciativa conjunta de diverses institucions vinculades al m\u00f3n de l&#8217;educaci\u00f3.<\/p>\n<\/div>\n<\/div>\n<\/div>\n<p>Si voleu llegir l&#8217;article, feu click\u00a0 a la imatge:<\/p>\n<div><\/div>\n<div><a href=\"https:\/\/www.senderi.org\/cat\/articles\/362\/escola-de-vida-les-planes-la-florida\"><img loading=\"lazy\" decoding=\"async\" class=\"alignnone wp-image-12141 size-full\" src=\"https:\/\/agora.xtec.cat\/ceip-jruyra-l-h\/wp-content\/uploads\/usu2049\/2022\/04\/49213026-6d85-4edd-bf37-bf84fde81c29.jpeg\" alt=\"\" width=\"450\" height=\"600\" srcset=\"https:\/\/agora.xtec.cat\/ceip-jruyra-l-h\/wp-content\/uploads\/usu2049\/2022\/04\/49213026-6d85-4edd-bf37-bf84fde81c29.jpeg 450w, https:\/\/agora.xtec.cat\/ceip-jruyra-l-h\/wp-content\/uploads\/usu2049\/2022\/04\/49213026-6d85-4edd-bf37-bf84fde81c29-225x300.jpeg 225w\" sizes=\"auto, (max-width: 450px) 100vw, 450px\" \/><\/a><\/div>\n","protected":false},"excerpt":{"rendered":"<p>L&#8217;Escola de Vida continua apareixent a diferents mitjans de comunicaci\u00f3. En aquesta ocasi\u00f3, per part de Senderi, un Butllet\u00ed d&#8217;educaci\u00f3 en valors, en iniciativa conjunta de diverses institucions vinculades al m\u00f3n de l&#8217;educaci\u00f3.&hellip;  <a href=\"https:\/\/agora.xtec.cat\/ceip-jruyra-l-h\/general\/lescola-de-vida-a-senderi\/\" title=\"Read L&#8217;Escola de Vida a Senderi\">Llegeix m\u00e9s\u00bb<\/a><\/p>\n","protected":false},"author":3,"featured_media":12143,"comment_status":"open","ping_status":"closed","sticky":false,"template":"","format":"standard","meta":{"_bbp_topic_count":0,"_bbp_reply_count":0,"_bbp_total_topic_count":0,"_bbp_total_reply_count":0,"_bbp_voice_count":0,"_bbp_anonymous_reply_count":0,"_bbp_topic_count_hidden":0,"_bbp_reply_count_hidden":0,"_bbp_forum_subforum_count":0,"footnotes":""},"categories":[60,1,4],"tags":[71,83,65],"class_list":["post-12140","post","type-post","status-publish","format-standard","has-post-thumbnail","hentry","category-cdaxarxa","category-general","category-portada","tag-actuacions-educatives-dexit","tag-comunitats-daprenentatge","tag-formacio-de-familiars"],"post_mailing_queue_ids":[],"_links":{"self":[{"href":"https:\/\/agora.xtec.cat\/ceip-jruyra-l-h\/wp-json\/wp\/v2\/posts\/12140","targetHints":{"allow":["GET"]}}],"collection":[{"href":"https:\/\/agora.xtec.cat\/ceip-jruyra-l-h\/wp-json\/wp\/v2\/posts"}],"about":[{"href":"https:\/\/agora.xtec.cat\/ceip-jruyra-l-h\/wp-json\/wp\/v2\/types\/post"}],"author":[{"embeddable":true,"href":"https:\/\/agora.xtec.cat\/ceip-jruyra-l-h\/wp-json\/wp\/v2\/users\/3"}],"replies":[{"embeddable":true,"href":"https:\/\/agora.xtec.cat\/ceip-jruyra-l-h\/wp-json\/wp\/v2\/comments?post=12140"}],"version-history":[{"count":3,"href":"https:\/\/agora.xtec.cat\/ceip-jruyra-l-h\/wp-json\/wp\/v2\/posts\/12140\/revisions"}],"predecessor-version":[{"id":12146,"href":"https:\/\/agora.xtec.cat\/ceip-jruyra-l-h\/wp-json\/wp\/v2\/posts\/12140\/revisions\/12146"}],"wp:featuredmedia":[{"embeddable":true,"href":"https:\/\/agora.xtec.cat\/ceip-jruyra-l-h\/wp-json\/wp\/v2\/media\/12143"}],"wp:attachment":[{"href":"https:\/\/agora.xtec.cat\/ceip-jruyra-l-h\/wp-json\/wp\/v2\/media?parent=12140"}],"wp:term":[{"taxonomy":"category","embeddable":true,"href":"https:\/\/agora.xtec.cat\/ceip-jruyra-l-h\/wp-json\/wp\/v2\/categories?post=12140"},{"taxonomy":"post_tag","embeddable":true,"href":"https:\/\/agora.xtec.cat\/ceip-jruyra-l-h\/wp-json\/wp\/v2\/tags?post=12140"}],"curies":[{"name":"wp","href":"https:\/\/api.w.org\/{rel}","templated":true}]}}