{"id":12047,"date":"2022-04-08T07:00:23","date_gmt":"2022-04-08T05:00:23","guid":{"rendered":"https:\/\/agora.xtec.cat\/ceip-jruyra-l-h\/?p=12047"},"modified":"2025-02-16T12:25:17","modified_gmt":"2025-02-16T11:25:17","slug":"tertulies-artistiques-a-cicle-superior","status":"publish","type":"post","link":"https:\/\/agora.xtec.cat\/ceip-jruyra-l-h\/general\/tertulies-artistiques-a-cicle-superior\/","title":{"rendered":"Tert\u00falies art\u00edstiques a cicle superior."},"content":{"rendered":"<p>A cicle superior aquest trimestre hem fet Tert\u00falies art\u00edstiques dial\u00f2giques al voltant de l\u2019obra \u201cL\u2019habitaci\u00f3\u201d del gran artista Vincent Van Gogh.<\/p>\n<p>En primer lloc, vam observar la pintura i vam reflexionar sobre el que veiem, que ens feia imaginar, quins sentiments ens despertava&#8230;<\/p>\n<p>Despr\u00e9s, vam compartir les nostres idees amb els companys i es va crear un debat en el que tamb\u00e9 vam parlar d\u2019aspectes art\u00edstic m\u00e9s t\u00e8cnics com el tra\u00e7 o els colors.<\/p>\n<p>Despr\u00e9s, vam aprendre coses sobre la vida de l\u2019autor i la seva \u00e8poca, el seu estil, el missatge que volia transmetre amb aquesta pintura&#8230; I vam contrastar tota aquesta informaci\u00f3 amb el que havia sortit a la nostra tert\u00falia.<\/p>\n<p>Finalment, vam crear una versi\u00f3 de l\u2019habitaci\u00f3 tal com la imaginem nosaltres.<\/p>\n<p>Va ser una activitat molt interessant i divertida. A m\u00e9s a m\u00e9s, vam aprendre d\u2019aspectes m\u00e9s t\u00e8cnics del m\u00f3n de l\u2019art mitjan\u00e7ant les nostres reflexions.<\/p>\n<p style=\"text-align: center;\"><a href=\"https:\/\/drive.google.com\/drive\/folders\/1Olxj4r7qZj2N4l_3aCIkw2WUVNMx-3fM?usp=sharing\"><img loading=\"lazy\" decoding=\"async\" class=\"alignnone wp-image-12048\" src=\"https:\/\/agora.xtec.cat\/ceip-jruyra-l-h\/wp-content\/uploads\/usu2049\/2022\/04\/La-habitacion.jpg\" alt=\"\" width=\"386\" height=\"294\" srcset=\"https:\/\/agora.xtec.cat\/ceip-jruyra-l-h\/wp-content\/uploads\/usu2049\/2022\/04\/La-habitacion.jpg 640w, https:\/\/agora.xtec.cat\/ceip-jruyra-l-h\/wp-content\/uploads\/usu2049\/2022\/04\/La-habitacion-300x228.jpg 300w\" sizes=\"auto, (max-width: 386px) 100vw, 386px\" \/><\/a><\/p>\n<p style=\"text-align: center;\"><a href=\"https:\/\/drive.google.com\/drive\/folders\/1Olxj4r7qZj2N4l_3aCIkw2WUVNMx-3fM?usp=sharing\">Imatges Tert\u00falia art\u00edstica<\/a><\/p>\n","protected":false},"excerpt":{"rendered":"<p>A cicle superior aquest trimestre hem fet Tert\u00falies art\u00edstiques dial\u00f2giques al voltant de l\u2019obra \u201cL\u2019habitaci\u00f3\u201d del gran artista Vincent Van Gogh.<br \/>\nEn primer lloc, vam observar la pintura i vam reflexionar sobre el que veiem, que ens feia imaginar, quins sentiments ens despertava&#8230;<br \/>\nDespr\u00e9s, vam compartir les&hellip;  <a href=\"https:\/\/agora.xtec.cat\/ceip-jruyra-l-h\/general\/tertulies-artistiques-a-cicle-superior\/\" title=\"Read Tert\u00falies art\u00edstiques a cicle superior.\">Llegeix m\u00e9s\u00bb<\/a><\/p>\n","protected":false},"author":41,"featured_media":12048,"comment_status":"open","ping_status":"closed","sticky":false,"template":"","format":"standard","meta":{"_bbp_topic_count":0,"_bbp_reply_count":0,"_bbp_total_topic_count":0,"_bbp_total_reply_count":0,"_bbp_voice_count":0,"_bbp_anonymous_reply_count":0,"_bbp_topic_count_hidden":0,"_bbp_reply_count_hidden":0,"_bbp_forum_subforum_count":0,"footnotes":""},"categories":[60,1,4],"tags":[71,63],"class_list":["post-12047","post","type-post","status-publish","format-standard","has-post-thumbnail","hentry","category-cdaxarxa","category-general","category-portada","tag-actuacions-educatives-dexit","tag-tertulies-dialogiques"],"post_mailing_queue_ids":[],"_links":{"self":[{"href":"https:\/\/agora.xtec.cat\/ceip-jruyra-l-h\/wp-json\/wp\/v2\/posts\/12047","targetHints":{"allow":["GET"]}}],"collection":[{"href":"https:\/\/agora.xtec.cat\/ceip-jruyra-l-h\/wp-json\/wp\/v2\/posts"}],"about":[{"href":"https:\/\/agora.xtec.cat\/ceip-jruyra-l-h\/wp-json\/wp\/v2\/types\/post"}],"author":[{"embeddable":true,"href":"https:\/\/agora.xtec.cat\/ceip-jruyra-l-h\/wp-json\/wp\/v2\/users\/41"}],"replies":[{"embeddable":true,"href":"https:\/\/agora.xtec.cat\/ceip-jruyra-l-h\/wp-json\/wp\/v2\/comments?post=12047"}],"version-history":[{"count":3,"href":"https:\/\/agora.xtec.cat\/ceip-jruyra-l-h\/wp-json\/wp\/v2\/posts\/12047\/revisions"}],"predecessor-version":[{"id":12139,"href":"https:\/\/agora.xtec.cat\/ceip-jruyra-l-h\/wp-json\/wp\/v2\/posts\/12047\/revisions\/12139"}],"wp:featuredmedia":[{"embeddable":true,"href":"https:\/\/agora.xtec.cat\/ceip-jruyra-l-h\/wp-json\/wp\/v2\/media\/12048"}],"wp:attachment":[{"href":"https:\/\/agora.xtec.cat\/ceip-jruyra-l-h\/wp-json\/wp\/v2\/media?parent=12047"}],"wp:term":[{"taxonomy":"category","embeddable":true,"href":"https:\/\/agora.xtec.cat\/ceip-jruyra-l-h\/wp-json\/wp\/v2\/categories?post=12047"},{"taxonomy":"post_tag","embeddable":true,"href":"https:\/\/agora.xtec.cat\/ceip-jruyra-l-h\/wp-json\/wp\/v2\/tags?post=12047"}],"curies":[{"name":"wp","href":"https:\/\/api.w.org\/{rel}","templated":true}]}}