{"id":11859,"date":"2022-03-10T07:55:16","date_gmt":"2022-03-10T06:55:16","guid":{"rendered":"https:\/\/agora.xtec.cat\/ceip-jruyra-l-h\/?p=11859"},"modified":"2025-02-16T12:25:31","modified_gmt":"2025-02-16T11:25:31","slug":"dinamiques-de-pau","status":"publish","type":"post","link":"https:\/\/agora.xtec.cat\/ceip-jruyra-l-h\/general\/dinamiques-de-pau\/","title":{"rendered":"DIN\u00c0MIQUES  DE  PAU"},"content":{"rendered":"<p style=\"text-align: right;\"><span style=\"font-weight: 400;\">El dia 24 de febrer,\u00a0 van venir de MANS UNIDES a fer una activitat amb nosaltres , es deia <strong>DIN\u00c0MIQUES DE PAU.<\/strong><\/span><\/p>\n<p><span style=\"font-weight: 400;\">Les din\u00e0miques ens plantejaven diferents situacions que es donen al m\u00f3n, que s\u00f3n molt greus i que ens preocupen.\u00a0<\/span><\/p>\n<p><span style=\"font-weight: 400;\">Ens vam convertir, per un moment,\u00a0 en persones que havien de buscar refugi perqu\u00e8 hi havia perill de bombardeig, en ferits en busca d\u2019un hospital que es movia cont\u00ednuament, en refugiats superant fronteres\u2026i\u00a0 tamb\u00e9 vam\u00a0 aprendre com\u00a0 ajudar a una persona cega.<\/span><\/p>\n<p><span style=\"font-weight: 400;\">Despr\u00e9s de cada joc vam parlar i reflexionar de les dificultats que haviem trobat, si ho haviem pogut resoldre o com ho podr\u00edem haver fet.<\/span><\/p>\n<p><span style=\"font-weight: 400;\">Les nenes i nens de 2n van trobar aquestes paraules claus per solucionar aquestes situacions :<\/span><\/p>\n<h4><span style=\"font-weight: 400;\">\u00a0 \u00a0 \u00a0 <strong>\u00a0Estimar-se\u00a0 \u00a0 \u00a0 \u00a0 \u00a0 \u00a0<\/strong><\/span><strong>Ajudar-se\u00a0 \u00a0 \u00a0 \u00a0 \u00a0 \u00a0Col\u00b7laborar\u00a0 \u00a0 \u00a0 \u00a0 \u00a0 Dialogar\u00a0 \u00a0 \u00a0 \u00a0 \u00a0 \u00a0 Escoltar<\/strong><\/h4>\n<h4><strong>\u00a0 \u00a0 \u00a0 \u00a0 \u00a0 \u00a0 \u00a0 \u00a0 \u00a0 \u00a0 Treballar en equip\u00a0 \u00a0 \u00a0 \u00a0 \u00a0 \u00a0 \u00a0 \u00a0 \u00a0 \u00a0 \u00a0 \u00a0 \u00a0Compartir\u00a0 \u00a0 \u00a0 \u00a0 \u00a0 \u00a0 \u00a0 \u00a0Just\u00edcia<\/strong><\/h4>\n<p><span style=\"font-weight: 400;\">Tant de bo, els adults ho tinguessin tan clar.<\/span><\/p>\n<p><span style=\"font-weight: 400;\">Aqu\u00ed teniu algunes imatges.<\/span><\/p>\n<p><a href=\"https:\/\/www.canva.com\/design\/DAE6gttB3-c\/3vIdeJXZ7noMoUZ5qgzasQ\/view?utm_content=DAE6gttB3-c&amp;utm_campaign=designshare&amp;utm_medium=link&amp;utm_source=publishsharelink\"><span style=\"font-weight: 400;\"><strong>DIN\u00c0MIQUES DE PAU<\/strong><\/span><\/a><\/p>\n","protected":false},"excerpt":{"rendered":"<p>El dia 24 de febrer,\u00a0 van venir de MANS UNIDES a fer una activitat amb nosaltres , es deia DIN\u00c0MIQUES DE PAU.<br \/>\nLes din\u00e0miques ens plantejaven diferents situacions que es donen al m\u00f3n, que s\u00f3n molt greus i que ens preocupen.\u00a0<br \/>\nEns vam convertir, per un moment,\u00a0&hellip;  <a href=\"https:\/\/agora.xtec.cat\/ceip-jruyra-l-h\/general\/dinamiques-de-pau\/\" title=\"Read DIN\u00c0MIQUES  DE  PAU\">Llegeix m\u00e9s\u00bb<\/a><\/p>\n","protected":false},"author":1,"featured_media":11864,"comment_status":"open","ping_status":"closed","sticky":false,"template":"","format":"standard","meta":{"_bbp_topic_count":0,"_bbp_reply_count":0,"_bbp_total_topic_count":0,"_bbp_total_reply_count":0,"_bbp_voice_count":0,"_bbp_anonymous_reply_count":0,"_bbp_topic_count_hidden":0,"_bbp_reply_count_hidden":0,"_bbp_forum_subforum_count":0,"footnotes":""},"categories":[11,60,1,4],"tags":[71,66],"class_list":["post-11859","post","type-post","status-publish","format-standard","has-post-thumbnail","hentry","category-2n","category-cdaxarxa","category-general","category-portada","tag-actuacions-educatives-dexit","tag-model-dialogic-de-prevencio-i-resolucio-de-conflictes"],"post_mailing_queue_ids":[],"_links":{"self":[{"href":"https:\/\/agora.xtec.cat\/ceip-jruyra-l-h\/wp-json\/wp\/v2\/posts\/11859","targetHints":{"allow":["GET"]}}],"collection":[{"href":"https:\/\/agora.xtec.cat\/ceip-jruyra-l-h\/wp-json\/wp\/v2\/posts"}],"about":[{"href":"https:\/\/agora.xtec.cat\/ceip-jruyra-l-h\/wp-json\/wp\/v2\/types\/post"}],"author":[{"embeddable":true,"href":"https:\/\/agora.xtec.cat\/ceip-jruyra-l-h\/wp-json\/wp\/v2\/users\/1"}],"replies":[{"embeddable":true,"href":"https:\/\/agora.xtec.cat\/ceip-jruyra-l-h\/wp-json\/wp\/v2\/comments?post=11859"}],"version-history":[{"count":3,"href":"https:\/\/agora.xtec.cat\/ceip-jruyra-l-h\/wp-json\/wp\/v2\/posts\/11859\/revisions"}],"predecessor-version":[{"id":11865,"href":"https:\/\/agora.xtec.cat\/ceip-jruyra-l-h\/wp-json\/wp\/v2\/posts\/11859\/revisions\/11865"}],"wp:featuredmedia":[{"embeddable":true,"href":"https:\/\/agora.xtec.cat\/ceip-jruyra-l-h\/wp-json\/wp\/v2\/media\/11864"}],"wp:attachment":[{"href":"https:\/\/agora.xtec.cat\/ceip-jruyra-l-h\/wp-json\/wp\/v2\/media?parent=11859"}],"wp:term":[{"taxonomy":"category","embeddable":true,"href":"https:\/\/agora.xtec.cat\/ceip-jruyra-l-h\/wp-json\/wp\/v2\/categories?post=11859"},{"taxonomy":"post_tag","embeddable":true,"href":"https:\/\/agora.xtec.cat\/ceip-jruyra-l-h\/wp-json\/wp\/v2\/tags?post=11859"}],"curies":[{"name":"wp","href":"https:\/\/api.w.org\/{rel}","templated":true}]}}