{"id":11759,"date":"2022-03-01T06:22:27","date_gmt":"2022-03-01T05:22:27","guid":{"rendered":"https:\/\/agora.xtec.cat\/ceip-jruyra-l-h\/?p=11759"},"modified":"2022-03-01T06:22:27","modified_gmt":"2022-03-01T05:22:27","slug":"la-festa-de-carnaval-a-infantil","status":"publish","type":"post","link":"https:\/\/agora.xtec.cat\/ceip-jruyra-l-h\/infantil\/la-festa-de-carnaval-a-infantil\/","title":{"rendered":"La festa de Carnaval a infantil"},"content":{"rendered":"<p><a href=\"https:\/\/agora.xtec.cat\/ceip-jruyra-l-h\/wp-content\/uploads\/usu2049\/2022\/02\/carnaval.png\"><img loading=\"lazy\" decoding=\"async\" class=\"size-full wp-image-11758 aligncenter\" src=\"https:\/\/agora.xtec.cat\/ceip-jruyra-l-h\/wp-content\/uploads\/usu2049\/2022\/02\/carnaval.png\" alt=\"\" width=\"300\" height=\"168\" \/><\/a><\/p>\n<p>Hola fam\u00edlies d&#8217;infantil,<\/p>\n<p>Despr\u00e9s d\u2019una setmana de consignes esbojarrades ha arribat el dia: tots i totes disfressats\/des, gaudint dels jocs, la m\u00fasica i tota la festa de carnaval. Una festa que hem pogut gaudir, entre d\u2019altres coses, gr\u00e0cies a la vostra col\u00b7laboraci\u00f3.<\/p>\n<p>Moltes gr\u00e0cies i gaudiu del resum en fotos al seg\u00fcent enlla\u00e7.<\/p>\n<p><a href=\"https:\/\/drive.google.com\/drive\/folders\/12fxA_f4rt3FgYEmdgj2c4KB8FL6x47a8?usp=sharing\">https:\/\/drive.google.com\/drive\/folders\/12fxA_f4rt3FgYEmdgj2c4KB8FL6x47a8?usp=sharing<\/a><\/p>\n","protected":false},"excerpt":{"rendered":"<p><a href=\"https:\/\/agora.xtec.cat\/ceip-jruyra-l-h\/wp-content\/uploads\/usu2049\/2022\/02\/carnaval.png\"><\/a><br \/>\nHola fam\u00edlies d&#8217;infantil,<br \/>\nDespr\u00e9s d\u2019una setmana de consignes esbojarrades ha arribat el dia: tots i totes disfressats\/des, gaudint dels jocs, la m\u00fasica i tota la festa de carnaval. Una festa que hem pogut gaudir, entre d\u2019altres coses, gr\u00e0cies a la vostra col\u00b7laboraci\u00f3.<br \/>\nMoltes gr\u00e0cies i gaudiu&hellip;  <a href=\"https:\/\/agora.xtec.cat\/ceip-jruyra-l-h\/infantil\/la-festa-de-carnaval-a-infantil\/\" title=\"Read La festa de Carnaval a infantil\">Llegeix m\u00e9s\u00bb<\/a><\/p>\n","protected":false},"author":13,"featured_media":0,"comment_status":"open","ping_status":"closed","sticky":false,"template":"","format":"standard","meta":{"_bbp_topic_count":0,"_bbp_reply_count":0,"_bbp_total_topic_count":0,"_bbp_total_reply_count":0,"_bbp_voice_count":0,"_bbp_anonymous_reply_count":0,"_bbp_topic_count_hidden":0,"_bbp_reply_count_hidden":0,"_bbp_forum_subforum_count":0,"footnotes":""},"categories":[2,3,8,9],"tags":[],"class_list":["post-11759","post","type-post","status-publish","format-standard","hentry","category-infantil","category-i3","category-i4","category-i5"],"post_mailing_queue_ids":[],"_links":{"self":[{"href":"https:\/\/agora.xtec.cat\/ceip-jruyra-l-h\/wp-json\/wp\/v2\/posts\/11759","targetHints":{"allow":["GET"]}}],"collection":[{"href":"https:\/\/agora.xtec.cat\/ceip-jruyra-l-h\/wp-json\/wp\/v2\/posts"}],"about":[{"href":"https:\/\/agora.xtec.cat\/ceip-jruyra-l-h\/wp-json\/wp\/v2\/types\/post"}],"author":[{"embeddable":true,"href":"https:\/\/agora.xtec.cat\/ceip-jruyra-l-h\/wp-json\/wp\/v2\/users\/13"}],"replies":[{"embeddable":true,"href":"https:\/\/agora.xtec.cat\/ceip-jruyra-l-h\/wp-json\/wp\/v2\/comments?post=11759"}],"version-history":[{"count":2,"href":"https:\/\/agora.xtec.cat\/ceip-jruyra-l-h\/wp-json\/wp\/v2\/posts\/11759\/revisions"}],"predecessor-version":[{"id":11761,"href":"https:\/\/agora.xtec.cat\/ceip-jruyra-l-h\/wp-json\/wp\/v2\/posts\/11759\/revisions\/11761"}],"wp:attachment":[{"href":"https:\/\/agora.xtec.cat\/ceip-jruyra-l-h\/wp-json\/wp\/v2\/media?parent=11759"}],"wp:term":[{"taxonomy":"category","embeddable":true,"href":"https:\/\/agora.xtec.cat\/ceip-jruyra-l-h\/wp-json\/wp\/v2\/categories?post=11759"},{"taxonomy":"post_tag","embeddable":true,"href":"https:\/\/agora.xtec.cat\/ceip-jruyra-l-h\/wp-json\/wp\/v2\/tags?post=11759"}],"curies":[{"name":"wp","href":"https:\/\/api.w.org\/{rel}","templated":true}]}}