{"id":11681,"date":"2022-03-04T13:54:09","date_gmt":"2022-03-04T12:54:09","guid":{"rendered":"https:\/\/agora.xtec.cat\/ceip-jruyra-l-h\/?p=11681"},"modified":"2025-02-16T12:25:31","modified_gmt":"2025-02-16T11:25:31","slug":"aprendemos-en-clan-el-debate-rtve","status":"publish","type":"post","link":"https:\/\/agora.xtec.cat\/ceip-jruyra-l-h\/general\/aprendemos-en-clan-el-debate-rtve\/","title":{"rendered":"Aprendemos en Clan, el debate (rtve)"},"content":{"rendered":"<p>Benvolgudes fam\u00edlies,<\/p>\n<p>La nostra escola ha participat en el programa del Canal Clan de rtve <a href=\"https:\/\/www.rtve.es\/infantil\/series\/aprendemos-clan-debate\/\">&#8220;Aprendemos en clan, EL DEBATE&#8221;<\/a>.<\/p>\n<p>En aquest programa, els nostres alumnes, parlen sobre el bullying i com treballem a l&#8217;escola per fer prevenci\u00f3 a partir del Model Dial\u00f2gic de Prevenci\u00f3 i Resoluci\u00f3 de Conflictes i el &#8220;Club dels Valents&#8221;. A m\u00e9s a m\u00e9s hem comptat amb la col\u00b7laboraci\u00f3 de la <a href=\"https:\/\/ca.wikipedia.org\/wiki\/L%C3%ADdia_Puigvert_Mallart\">Lidia Puigvert<\/a>, doctora en Sociologia per la Universitat de Barcelona.<\/p>\n<p>Podeu veure el v\u00eddeo del programa <a href=\"https:\/\/www.rtve.es\/infantil\/serie\/aprendemos-clan-debate\/video\/como-acabamos-bullying\/6411196\/\">fent click aqu\u00ed<\/a><\/p>\n<p><a href=\"https:\/\/www.rtve.es\/infantil\/serie\/aprendemos-clan-debate\/video\/como-acabamos-bullying\/6411196\/\"><img loading=\"lazy\" decoding=\"async\" class=\"alignnone wp-image-11682 size-full\" src=\"https:\/\/agora.xtec.cat\/ceip-jruyra-l-h\/wp-content\/uploads\/usu2049\/2022\/02\/noname.png\" alt=\"\" width=\"926\" height=\"815\" srcset=\"https:\/\/agora.xtec.cat\/ceip-jruyra-l-h\/wp-content\/uploads\/usu2049\/2022\/02\/noname.png 926w, https:\/\/agora.xtec.cat\/ceip-jruyra-l-h\/wp-content\/uploads\/usu2049\/2022\/02\/noname-300x264.png 300w, https:\/\/agora.xtec.cat\/ceip-jruyra-l-h\/wp-content\/uploads\/usu2049\/2022\/02\/noname-768x676.png 768w\" sizes=\"auto, (max-width: 926px) 100vw, 926px\" \/><\/a><\/p>\n<p>&nbsp;<\/p>\n","protected":false},"excerpt":{"rendered":"<p>La nostra escola ha participat en el programa del Canal Clan de rtve &#8220;Aprendemos en clan, EL DEBATE&#8221;.&hellip;  <a href=\"https:\/\/agora.xtec.cat\/ceip-jruyra-l-h\/general\/aprendemos-en-clan-el-debate-rtve\/\" title=\"Read Aprendemos en Clan, el debate (rtve)\">Llegeix m\u00e9s\u00bb<\/a><\/p>\n","protected":false},"author":3,"featured_media":11682,"comment_status":"open","ping_status":"closed","sticky":false,"template":"","format":"standard","meta":{"_bbp_topic_count":0,"_bbp_reply_count":0,"_bbp_total_topic_count":0,"_bbp_total_reply_count":0,"_bbp_voice_count":0,"_bbp_anonymous_reply_count":0,"_bbp_topic_count_hidden":0,"_bbp_reply_count_hidden":0,"_bbp_forum_subforum_count":0,"footnotes":""},"categories":[15,60,1,4],"tags":[71,83,66],"class_list":["post-11681","post","type-post","status-publish","format-standard","has-post-thumbnail","hentry","category-6e","category-cdaxarxa","category-general","category-portada","tag-actuacions-educatives-dexit","tag-comunitats-daprenentatge","tag-model-dialogic-de-prevencio-i-resolucio-de-conflictes"],"post_mailing_queue_ids":[],"_links":{"self":[{"href":"https:\/\/agora.xtec.cat\/ceip-jruyra-l-h\/wp-json\/wp\/v2\/posts\/11681","targetHints":{"allow":["GET"]}}],"collection":[{"href":"https:\/\/agora.xtec.cat\/ceip-jruyra-l-h\/wp-json\/wp\/v2\/posts"}],"about":[{"href":"https:\/\/agora.xtec.cat\/ceip-jruyra-l-h\/wp-json\/wp\/v2\/types\/post"}],"author":[{"embeddable":true,"href":"https:\/\/agora.xtec.cat\/ceip-jruyra-l-h\/wp-json\/wp\/v2\/users\/3"}],"replies":[{"embeddable":true,"href":"https:\/\/agora.xtec.cat\/ceip-jruyra-l-h\/wp-json\/wp\/v2\/comments?post=11681"}],"version-history":[{"count":3,"href":"https:\/\/agora.xtec.cat\/ceip-jruyra-l-h\/wp-json\/wp\/v2\/posts\/11681\/revisions"}],"predecessor-version":[{"id":11800,"href":"https:\/\/agora.xtec.cat\/ceip-jruyra-l-h\/wp-json\/wp\/v2\/posts\/11681\/revisions\/11800"}],"wp:featuredmedia":[{"embeddable":true,"href":"https:\/\/agora.xtec.cat\/ceip-jruyra-l-h\/wp-json\/wp\/v2\/media\/11682"}],"wp:attachment":[{"href":"https:\/\/agora.xtec.cat\/ceip-jruyra-l-h\/wp-json\/wp\/v2\/media?parent=11681"}],"wp:term":[{"taxonomy":"category","embeddable":true,"href":"https:\/\/agora.xtec.cat\/ceip-jruyra-l-h\/wp-json\/wp\/v2\/categories?post=11681"},{"taxonomy":"post_tag","embeddable":true,"href":"https:\/\/agora.xtec.cat\/ceip-jruyra-l-h\/wp-json\/wp\/v2\/tags?post=11681"}],"curies":[{"name":"wp","href":"https:\/\/api.w.org\/{rel}","templated":true}]}}