{"id":11661,"date":"2022-02-23T16:28:47","date_gmt":"2022-02-23T15:28:47","guid":{"rendered":"https:\/\/agora.xtec.cat\/ceip-jruyra-l-h\/?p=11661"},"modified":"2022-10-07T20:50:22","modified_gmt":"2022-10-07T18:50:22","slug":"fem-dels-somnis-realitat","status":"publish","type":"post","link":"https:\/\/agora.xtec.cat\/ceip-jruyra-l-h\/primaria\/6e\/fem-dels-somnis-realitat\/","title":{"rendered":"Fem dels somnis realitat!"},"content":{"rendered":"<p><img loading=\"lazy\" decoding=\"async\" class=\"alignnone size-large wp-image-11662\" src=\"https:\/\/agora.xtec.cat\/ceip-jruyra-l-h\/wp-content\/uploads\/usu2049\/2022\/02\/WhatsApp-Image-2022-02-23-at-3.35.25-PM-1024x768.jpeg\" alt=\"\" width=\"1024\" height=\"768\" srcset=\"https:\/\/agora.xtec.cat\/ceip-jruyra-l-h\/wp-content\/uploads\/usu2049\/2022\/02\/WhatsApp-Image-2022-02-23-at-3.35.25-PM-1024x768.jpeg 1024w, https:\/\/agora.xtec.cat\/ceip-jruyra-l-h\/wp-content\/uploads\/usu2049\/2022\/02\/WhatsApp-Image-2022-02-23-at-3.35.25-PM-300x225.jpeg 300w, https:\/\/agora.xtec.cat\/ceip-jruyra-l-h\/wp-content\/uploads\/usu2049\/2022\/02\/WhatsApp-Image-2022-02-23-at-3.35.25-PM-768x576.jpeg 768w, https:\/\/agora.xtec.cat\/ceip-jruyra-l-h\/wp-content\/uploads\/usu2049\/2022\/02\/WhatsApp-Image-2022-02-23-at-3.35.25-PM-1536x1152.jpeg 1536w, https:\/\/agora.xtec.cat\/ceip-jruyra-l-h\/wp-content\/uploads\/usu2049\/2022\/02\/WhatsApp-Image-2022-02-23-at-3.35.25-PM-200x150.jpeg 200w, https:\/\/agora.xtec.cat\/ceip-jruyra-l-h\/wp-content\/uploads\/usu2049\/2022\/02\/WhatsApp-Image-2022-02-23-at-3.35.25-PM.jpeg 1600w\" sizes=\"auto, (max-width: 1024px) 100vw, 1024px\" \/><\/p>\n<p>Avui hem tingut una visita molt especial. Ens ha vingut a veure la Puri, una ex-alumna de la nostra escola.<\/p>\n<p>Ha estat una tarda realment inefable. Hem rebut en la nostra assemblea a una persona meravellosa, ex alumna del nostre vaixell de somnis, una dona realment preparada, empoderada i intel\u00b7ligent. \u00c9s enginyera t\u00e8cnica de materials en SEAT, una professi\u00f3 molt interessant! Ens ha pogut explicar el viatge que ha realitzat per a fer dels seus somnis realitat. Hem parlat de fer de les dificultats oportunitats i d&#8217;una paraula que ens apassiona: LA RESILI\u00c8NCIA. Tamb\u00e9 ens ha instru\u00eft sobre l&#8217;esfor\u00e7 i l&#8217;actitud com les principals eines per a aconseguir les nostres metes. I \u00e9s que l&#8217;\u00fanica cosa impossible \u00e9s all\u00f2 que no intentes. Ha estat una tarda de molt aprenentatge aix\u00ed com de gran coneixement.<\/p>\n<p>Gr\u00e0cies Puri!<\/p>\n","protected":false},"excerpt":{"rendered":"<p>Avui hem tingut una visita molt especial. Ens ha vingut a veure la Puri, una ex-alumna de la nostra escola.<br \/>\nHa estat una tarda realment inefable. Hem rebut en la nostra assemblea a una persona meravellosa, ex alumna del nostre vaixell de somnis, una dona realment&hellip;  <a href=\"https:\/\/agora.xtec.cat\/ceip-jruyra-l-h\/primaria\/6e\/fem-dels-somnis-realitat\/\" title=\"Read Fem dels somnis realitat!\">Llegeix m\u00e9s\u00bb<\/a><\/p>\n","protected":false},"author":3,"featured_media":11662,"comment_status":"open","ping_status":"closed","sticky":false,"template":"","format":"standard","meta":{"_bbp_topic_count":0,"_bbp_reply_count":0,"_bbp_total_topic_count":0,"_bbp_total_reply_count":0,"_bbp_voice_count":0,"_bbp_anonymous_reply_count":0,"_bbp_topic_count_hidden":0,"_bbp_reply_count_hidden":0,"_bbp_forum_subforum_count":0,"footnotes":""},"categories":[15],"tags":[67],"class_list":["post-11661","post","type-post","status-publish","format-standard","has-post-thumbnail","hentry","category-6e","tag-participacio-educativa-de-la-comunitat"],"post_mailing_queue_ids":[],"_links":{"self":[{"href":"https:\/\/agora.xtec.cat\/ceip-jruyra-l-h\/wp-json\/wp\/v2\/posts\/11661","targetHints":{"allow":["GET"]}}],"collection":[{"href":"https:\/\/agora.xtec.cat\/ceip-jruyra-l-h\/wp-json\/wp\/v2\/posts"}],"about":[{"href":"https:\/\/agora.xtec.cat\/ceip-jruyra-l-h\/wp-json\/wp\/v2\/types\/post"}],"author":[{"embeddable":true,"href":"https:\/\/agora.xtec.cat\/ceip-jruyra-l-h\/wp-json\/wp\/v2\/users\/3"}],"replies":[{"embeddable":true,"href":"https:\/\/agora.xtec.cat\/ceip-jruyra-l-h\/wp-json\/wp\/v2\/comments?post=11661"}],"version-history":[{"count":1,"href":"https:\/\/agora.xtec.cat\/ceip-jruyra-l-h\/wp-json\/wp\/v2\/posts\/11661\/revisions"}],"predecessor-version":[{"id":11663,"href":"https:\/\/agora.xtec.cat\/ceip-jruyra-l-h\/wp-json\/wp\/v2\/posts\/11661\/revisions\/11663"}],"wp:featuredmedia":[{"embeddable":true,"href":"https:\/\/agora.xtec.cat\/ceip-jruyra-l-h\/wp-json\/wp\/v2\/media\/11662"}],"wp:attachment":[{"href":"https:\/\/agora.xtec.cat\/ceip-jruyra-l-h\/wp-json\/wp\/v2\/media?parent=11661"}],"wp:term":[{"taxonomy":"category","embeddable":true,"href":"https:\/\/agora.xtec.cat\/ceip-jruyra-l-h\/wp-json\/wp\/v2\/categories?post=11661"},{"taxonomy":"post_tag","embeddable":true,"href":"https:\/\/agora.xtec.cat\/ceip-jruyra-l-h\/wp-json\/wp\/v2\/tags?post=11661"}],"curies":[{"name":"wp","href":"https:\/\/api.w.org\/{rel}","templated":true}]}}