{"id":11162,"date":"2022-02-03T13:10:13","date_gmt":"2022-02-03T12:10:13","guid":{"rendered":"https:\/\/agora.xtec.cat\/ceip-jruyra-l-h\/?p=11162"},"modified":"2025-02-16T12:25:31","modified_gmt":"2025-02-16T11:25:31","slug":"paraules-valentes-2","status":"publish","type":"post","link":"https:\/\/agora.xtec.cat\/ceip-jruyra-l-h\/general\/paraules-valentes-2\/","title":{"rendered":"Paraules valentes"},"content":{"rendered":"<p>Al nostre cicle hem comen\u00e7at amb les paraules valentes.<\/p>\n<p>Qu\u00e8 s\u00f3n les paraules valentes? Missatges donant les gr\u00e0cies, demanant perd\u00f3, felicitant per l\u2019esfor\u00e7, la feina a l\u2019aula, el comportament o l\u2019ajuda que ens han donat en algun moment. Cada alumne t\u00e9 la seva pr\u00f2pia b\u00fastia i tenim una tamb\u00e9 pels mestres que passen per l\u2019aula.<\/p>\n<p>No us imagineu la il.lusi\u00f3 que ens fa rebre aquests missatges!<\/p>\n\n\t\t<style type=\"text\/css\">\n\t\t\t#gallery-1 {\n\t\t\t\tmargin: auto;\n\t\t\t}\n\t\t\t#gallery-1 .gallery-item {\n\t\t\t\tfloat: left;\n\t\t\t\tmargin-top: 10px;\n\t\t\t\ttext-align: center;\n\t\t\t\twidth: 50%;\n\t\t\t}\n\t\t\t#gallery-1 img {\n\t\t\t\tborder: 2px solid #cfcfcf;\n\t\t\t}\n\t\t\t#gallery-1 .gallery-caption {\n\t\t\t\tmargin-left: 0;\n\t\t\t}\n\t\t\t\/* see gallery_shortcode() in wp-includes\/media.php *\/\n\t\t<\/style>\n\t\t<div id='gallery-1' class='gallery galleryid-11162 gallery-columns-2 gallery-size-medium'><dl class='gallery-item'>\n\t\t\t<dt class='gallery-icon portrait'>\n\t\t\t\t<a href='https:\/\/agora.xtec.cat\/ceip-jruyra-l-h\/general\/paraules-valentes-2\/attachment\/e270f8d8-bca0-442c-aa7f-26b63d5b9002\/'><img loading=\"lazy\" decoding=\"async\" width=\"225\" height=\"300\" src=\"https:\/\/agora.xtec.cat\/ceip-jruyra-l-h\/wp-content\/uploads\/usu2049\/2022\/02\/E270F8D8-BCA0-442C-AA7F-26B63D5B9002-225x300.jpeg\" class=\"attachment-medium size-medium\" alt=\"\" srcset=\"https:\/\/agora.xtec.cat\/ceip-jruyra-l-h\/wp-content\/uploads\/usu2049\/2022\/02\/E270F8D8-BCA0-442C-AA7F-26B63D5B9002-225x300.jpeg 225w, https:\/\/agora.xtec.cat\/ceip-jruyra-l-h\/wp-content\/uploads\/usu2049\/2022\/02\/E270F8D8-BCA0-442C-AA7F-26B63D5B9002-768x1024.jpeg 768w, https:\/\/agora.xtec.cat\/ceip-jruyra-l-h\/wp-content\/uploads\/usu2049\/2022\/02\/E270F8D8-BCA0-442C-AA7F-26B63D5B9002-1152x1536.jpeg 1152w, https:\/\/agora.xtec.cat\/ceip-jruyra-l-h\/wp-content\/uploads\/usu2049\/2022\/02\/E270F8D8-BCA0-442C-AA7F-26B63D5B9002.jpeg 1536w\" sizes=\"auto, (max-width: 225px) 100vw, 225px\" \/><\/a>\n\t\t\t<\/dt><\/dl><dl class='gallery-item'>\n\t\t\t<dt class='gallery-icon portrait'>\n\t\t\t\t<a href='https:\/\/agora.xtec.cat\/ceip-jruyra-l-h\/general\/paraules-valentes-2\/attachment\/54416863-eeda-4663-8757-5e94252a78f5\/'><img loading=\"lazy\" decoding=\"async\" width=\"225\" height=\"300\" src=\"https:\/\/agora.xtec.cat\/ceip-jruyra-l-h\/wp-content\/uploads\/usu2049\/2022\/02\/54416863-EEDA-4663-8757-5E94252A78F5-225x300.jpeg\" class=\"attachment-medium size-medium\" alt=\"\" srcset=\"https:\/\/agora.xtec.cat\/ceip-jruyra-l-h\/wp-content\/uploads\/usu2049\/2022\/02\/54416863-EEDA-4663-8757-5E94252A78F5-225x300.jpeg 225w, https:\/\/agora.xtec.cat\/ceip-jruyra-l-h\/wp-content\/uploads\/usu2049\/2022\/02\/54416863-EEDA-4663-8757-5E94252A78F5-768x1024.jpeg 768w, https:\/\/agora.xtec.cat\/ceip-jruyra-l-h\/wp-content\/uploads\/usu2049\/2022\/02\/54416863-EEDA-4663-8757-5E94252A78F5-1152x1536.jpeg 1152w, https:\/\/agora.xtec.cat\/ceip-jruyra-l-h\/wp-content\/uploads\/usu2049\/2022\/02\/54416863-EEDA-4663-8757-5E94252A78F5.jpeg 1536w\" sizes=\"auto, (max-width: 225px) 100vw, 225px\" \/><\/a>\n\t\t\t<\/dt><\/dl><br style=\"clear: both\" \/><dl class='gallery-item'>\n\t\t\t<dt class='gallery-icon portrait'>\n\t\t\t\t<a href='https:\/\/agora.xtec.cat\/ceip-jruyra-l-h\/general\/paraules-valentes-2\/attachment\/f0d5605d-ed30-4b29-93e3-6e57c5720c0f\/'><img loading=\"lazy\" decoding=\"async\" width=\"225\" height=\"300\" src=\"https:\/\/agora.xtec.cat\/ceip-jruyra-l-h\/wp-content\/uploads\/usu2049\/2022\/02\/F0D5605D-ED30-4B29-93E3-6E57C5720C0F-225x300.jpeg\" class=\"attachment-medium size-medium\" alt=\"\" srcset=\"https:\/\/agora.xtec.cat\/ceip-jruyra-l-h\/wp-content\/uploads\/usu2049\/2022\/02\/F0D5605D-ED30-4B29-93E3-6E57C5720C0F-225x300.jpeg 225w, https:\/\/agora.xtec.cat\/ceip-jruyra-l-h\/wp-content\/uploads\/usu2049\/2022\/02\/F0D5605D-ED30-4B29-93E3-6E57C5720C0F-768x1024.jpeg 768w, https:\/\/agora.xtec.cat\/ceip-jruyra-l-h\/wp-content\/uploads\/usu2049\/2022\/02\/F0D5605D-ED30-4B29-93E3-6E57C5720C0F-1152x1536.jpeg 1152w, https:\/\/agora.xtec.cat\/ceip-jruyra-l-h\/wp-content\/uploads\/usu2049\/2022\/02\/F0D5605D-ED30-4B29-93E3-6E57C5720C0F.jpeg 1536w\" sizes=\"auto, (max-width: 225px) 100vw, 225px\" \/><\/a>\n\t\t\t<\/dt><\/dl><dl class='gallery-item'>\n\t\t\t<dt class='gallery-icon portrait'>\n\t\t\t\t<a href='https:\/\/agora.xtec.cat\/ceip-jruyra-l-h\/general\/paraules-valentes-2\/attachment\/00465704-ceb3-4421-9642-3d90e77192c1\/'><img loading=\"lazy\" decoding=\"async\" width=\"225\" height=\"300\" src=\"https:\/\/agora.xtec.cat\/ceip-jruyra-l-h\/wp-content\/uploads\/usu2049\/2022\/02\/00465704-CEB3-4421-9642-3D90E77192C1-225x300.jpeg\" class=\"attachment-medium size-medium\" alt=\"\" srcset=\"https:\/\/agora.xtec.cat\/ceip-jruyra-l-h\/wp-content\/uploads\/usu2049\/2022\/02\/00465704-CEB3-4421-9642-3D90E77192C1-225x300.jpeg 225w, https:\/\/agora.xtec.cat\/ceip-jruyra-l-h\/wp-content\/uploads\/usu2049\/2022\/02\/00465704-CEB3-4421-9642-3D90E77192C1-768x1024.jpeg 768w, https:\/\/agora.xtec.cat\/ceip-jruyra-l-h\/wp-content\/uploads\/usu2049\/2022\/02\/00465704-CEB3-4421-9642-3D90E77192C1-1152x1536.jpeg 1152w, https:\/\/agora.xtec.cat\/ceip-jruyra-l-h\/wp-content\/uploads\/usu2049\/2022\/02\/00465704-CEB3-4421-9642-3D90E77192C1.jpeg 1536w\" sizes=\"auto, (max-width: 225px) 100vw, 225px\" \/><\/a>\n\t\t\t<\/dt><\/dl><br style=\"clear: both\" \/>\n\t\t<\/div>\n\n","protected":false},"excerpt":{"rendered":"<p>Al nostre cicle hem comen\u00e7at amb les paraules valentes.<br \/>\nQu\u00e8 s\u00f3n les paraules valentes? Missatges donant les gr\u00e0cies, demanant perd\u00f3, felicitant per l\u2019esfor\u00e7, la feina a l\u2019aula, el comportament o l\u2019ajuda que ens han donat en algun moment. Cada alumne t\u00e9 la seva pr\u00f2pia b\u00fastia i&hellip;  <a href=\"https:\/\/agora.xtec.cat\/ceip-jruyra-l-h\/general\/paraules-valentes-2\/\" title=\"Read Paraules valentes\">Llegeix m\u00e9s\u00bb<\/a><\/p>\n","protected":false},"author":1,"featured_media":11166,"comment_status":"open","ping_status":"closed","sticky":false,"template":"","format":"standard","meta":{"_bbp_topic_count":0,"_bbp_reply_count":0,"_bbp_total_topic_count":0,"_bbp_total_reply_count":0,"_bbp_voice_count":0,"_bbp_anonymous_reply_count":0,"_bbp_topic_count_hidden":0,"_bbp_reply_count_hidden":0,"_bbp_forum_subforum_count":0,"footnotes":""},"categories":[10,11,60,1,4],"tags":[71,83,66],"class_list":["post-11162","post","type-post","status-publish","format-standard","has-post-thumbnail","hentry","category-1r","category-2n","category-cdaxarxa","category-general","category-portada","tag-actuacions-educatives-dexit","tag-comunitats-daprenentatge","tag-model-dialogic-de-prevencio-i-resolucio-de-conflictes"],"post_mailing_queue_ids":[],"_links":{"self":[{"href":"https:\/\/agora.xtec.cat\/ceip-jruyra-l-h\/wp-json\/wp\/v2\/posts\/11162","targetHints":{"allow":["GET"]}}],"collection":[{"href":"https:\/\/agora.xtec.cat\/ceip-jruyra-l-h\/wp-json\/wp\/v2\/posts"}],"about":[{"href":"https:\/\/agora.xtec.cat\/ceip-jruyra-l-h\/wp-json\/wp\/v2\/types\/post"}],"author":[{"embeddable":true,"href":"https:\/\/agora.xtec.cat\/ceip-jruyra-l-h\/wp-json\/wp\/v2\/users\/1"}],"replies":[{"embeddable":true,"href":"https:\/\/agora.xtec.cat\/ceip-jruyra-l-h\/wp-json\/wp\/v2\/comments?post=11162"}],"version-history":[{"count":3,"href":"https:\/\/agora.xtec.cat\/ceip-jruyra-l-h\/wp-json\/wp\/v2\/posts\/11162\/revisions"}],"predecessor-version":[{"id":11169,"href":"https:\/\/agora.xtec.cat\/ceip-jruyra-l-h\/wp-json\/wp\/v2\/posts\/11162\/revisions\/11169"}],"wp:featuredmedia":[{"embeddable":true,"href":"https:\/\/agora.xtec.cat\/ceip-jruyra-l-h\/wp-json\/wp\/v2\/media\/11166"}],"wp:attachment":[{"href":"https:\/\/agora.xtec.cat\/ceip-jruyra-l-h\/wp-json\/wp\/v2\/media?parent=11162"}],"wp:term":[{"taxonomy":"category","embeddable":true,"href":"https:\/\/agora.xtec.cat\/ceip-jruyra-l-h\/wp-json\/wp\/v2\/categories?post=11162"},{"taxonomy":"post_tag","embeddable":true,"href":"https:\/\/agora.xtec.cat\/ceip-jruyra-l-h\/wp-json\/wp\/v2\/tags?post=11162"}],"curies":[{"name":"wp","href":"https:\/\/api.w.org\/{rel}","templated":true}]}}