{"id":11114,"date":"2022-01-31T16:05:20","date_gmt":"2022-01-31T15:05:20","guid":{"rendered":"https:\/\/agora.xtec.cat\/ceip-jruyra-l-h\/?p=11114"},"modified":"2025-02-16T12:25:32","modified_gmt":"2025-02-16T11:25:32","slug":"tallers-diversificats","status":"publish","type":"post","link":"https:\/\/agora.xtec.cat\/ceip-jruyra-l-h\/general\/tallers-diversificats\/","title":{"rendered":"Tallers diversificats"},"content":{"rendered":"<p style=\"text-align: justify;\">A partir d&#8217;avui a l&#8217;escola comencem tres nous tallers gratu\u00efts extraescolars pels alumnes des de P5 fins a 6\u00e8 de Prim\u00e0ria.<\/p>\n<p style=\"text-align: justify;\">TALLER DE MULTIESPORTS<br \/>\nEs portar\u00e0 a terme els dimarts i dijous de 16:30 a 18:00.<br \/>\nActivitat esportiva i de formaci\u00f3 dirigida als alumnes des de P5 fins a 2n d&#8217;Educaci\u00f3 Prim\u00e0ria. L&#8217;objectiu \u00e9s adquirir la m\u00e0xima riquesa motriu i poder escollir l&#8217;esport que m\u00e9s els agradi a partir de 3r. \u00c9s una activitat totalment l\u00fadica on volem introduir l\u00b4infant en el m\u00f3n de l\u00b4esport mitjan\u00e7ant el joc i la descoberta de diferents moviments i possibilitats motrius.<\/p>\n<p>TALLER D&#8217;HANDBOL<br \/>\nEl taller es porta a terme els dimarts de 16:30 a 18:00 per infants de 3r i 4t i els dijous de 16:30 a 18:00 pels alumnes de 5\u00e8 i 6\u00e8.<br \/>\nProposem una activitat d&#8217;iniciaci\u00f3 a l&#8217;handbol per a l&#8217;alumnat a partir de 3r d\u00b4\u00a0Educaci\u00f3 Prim\u00e0ria. La filosofia de l&#8217;activitat es basa en la formaci\u00f3 individual, la integraci\u00f3 social i la millora de la salut a trav\u00e9s de l&#8217;handbol. Les senzilles normes d&#8217;aquest esport permeten una r\u00e0pida adaptaci\u00f3 de tots els alumnes que comencen a practicar.<\/p>\n<p>TALLER D&#8217;APRENENTATGE DE LA LECTURA I L&#8217;ESCRIPTURA<br \/>\nEl taller es portar\u00e0 a terme els dimarts de 16:30 a 18:00 per infants de 3r i 4t i els dijous de 16:30 a 18:00 pels alumnes de 5\u00e8 i 6\u00e8.<br \/>\nTreballar al m\u00e0xim l&#8217;aprenentatge de la lectura i l&#8217;escriptura \u00e9s un dels grans objectius dintre de l&#8217;escolaritat. I \u00e9s que tots els aprenentatges passaran per la lectura, la comprensi\u00f3 lectora o l&#8217;escriptura (sigui un problema de mates, un tema de medi o una can\u00e7\u00f3 de m\u00fasica). D&#8217;aqu\u00ed la gran import\u00e0ncia d&#8217;una bona adquisici\u00f3 d&#8217;aquest proc\u00e9s tan complex.<\/p>\n<p>TALLER D&#8217;ESTUDI ASSISTIR DE CICLE MITJ\u00c0<br \/>\nEl taller es portar\u00e0 a terme els dimarts de 16:30 a 18:00 per infants de 3r i els dijous de 16:30 a 18:00 pels alumnes de 4t.<br \/>\nEls tallers de suport a l&#8217;estudi tenen com a finalitat general potenciar la igualtat d&#8217;oportunitats, evitar qualsevol classe de marginaci\u00f3 i exclusi\u00f3 i afavorir l&#8217;\u00e8xit escolar de l&#8217;alumnat tot potenciant l&#8217;autonomia en l&#8217;aprenentatge de l&#8217;alumnat.<\/p>\n<p><img decoding=\"async\" src=\"https:\/\/agora.xtec.cat\/ceip-jruyra-l-h\/wp-content\/uploads\/usu2049\/2022\/01\/Logos-PMOE-1024x294.jpg\" \/><\/p>\n","protected":false},"excerpt":{"rendered":"<p>A partir d&#8217;avui a l&#8217;escola comencem tres nous tallers gratu\u00efts extraescolars pels alumnes des de P5 fins a 6\u00e8 de Prim\u00e0ria.&hellip;  <a href=\"https:\/\/agora.xtec.cat\/ceip-jruyra-l-h\/general\/tallers-diversificats\/\" title=\"Read Tallers diversificats\">Llegeix m\u00e9s\u00bb<\/a><\/p>\n","protected":false},"author":3,"featured_media":11115,"comment_status":"open","ping_status":"closed","sticky":false,"template":"","format":"standard","meta":{"_bbp_topic_count":0,"_bbp_reply_count":0,"_bbp_total_topic_count":0,"_bbp_total_reply_count":0,"_bbp_voice_count":0,"_bbp_anonymous_reply_count":0,"_bbp_topic_count_hidden":0,"_bbp_reply_count_hidden":0,"_bbp_forum_subforum_count":0,"footnotes":""},"categories":[10,11,12,13,60,1,9,4],"tags":[71,83,68],"class_list":["post-11114","post","type-post","status-publish","format-standard","has-post-thumbnail","hentry","category-1r","category-2n","category-3r","category-4t","category-cdaxarxa","category-general","category-i5","category-portada","tag-actuacions-educatives-dexit","tag-comunitats-daprenentatge","tag-extensio-del-temps-daprenentatge"],"post_mailing_queue_ids":[],"_links":{"self":[{"href":"https:\/\/agora.xtec.cat\/ceip-jruyra-l-h\/wp-json\/wp\/v2\/posts\/11114","targetHints":{"allow":["GET"]}}],"collection":[{"href":"https:\/\/agora.xtec.cat\/ceip-jruyra-l-h\/wp-json\/wp\/v2\/posts"}],"about":[{"href":"https:\/\/agora.xtec.cat\/ceip-jruyra-l-h\/wp-json\/wp\/v2\/types\/post"}],"author":[{"embeddable":true,"href":"https:\/\/agora.xtec.cat\/ceip-jruyra-l-h\/wp-json\/wp\/v2\/users\/3"}],"replies":[{"embeddable":true,"href":"https:\/\/agora.xtec.cat\/ceip-jruyra-l-h\/wp-json\/wp\/v2\/comments?post=11114"}],"version-history":[{"count":2,"href":"https:\/\/agora.xtec.cat\/ceip-jruyra-l-h\/wp-json\/wp\/v2\/posts\/11114\/revisions"}],"predecessor-version":[{"id":11117,"href":"https:\/\/agora.xtec.cat\/ceip-jruyra-l-h\/wp-json\/wp\/v2\/posts\/11114\/revisions\/11117"}],"wp:featuredmedia":[{"embeddable":true,"href":"https:\/\/agora.xtec.cat\/ceip-jruyra-l-h\/wp-json\/wp\/v2\/media\/11115"}],"wp:attachment":[{"href":"https:\/\/agora.xtec.cat\/ceip-jruyra-l-h\/wp-json\/wp\/v2\/media?parent=11114"}],"wp:term":[{"taxonomy":"category","embeddable":true,"href":"https:\/\/agora.xtec.cat\/ceip-jruyra-l-h\/wp-json\/wp\/v2\/categories?post=11114"},{"taxonomy":"post_tag","embeddable":true,"href":"https:\/\/agora.xtec.cat\/ceip-jruyra-l-h\/wp-json\/wp\/v2\/tags?post=11114"}],"curies":[{"name":"wp","href":"https:\/\/api.w.org\/{rel}","templated":true}]}}