{"id":11101,"date":"2022-01-31T10:41:35","date_gmt":"2022-01-31T09:41:35","guid":{"rendered":"https:\/\/agora.xtec.cat\/ceip-jruyra-l-h\/?p=11101"},"modified":"2022-03-28T08:33:38","modified_gmt":"2022-03-28T06:33:38","slug":"taller-descacs","status":"publish","type":"post","link":"https:\/\/agora.xtec.cat\/ceip-jruyra-l-h\/primaria\/3r\/taller-descacs\/","title":{"rendered":"TALLER D\u2019ESCACS"},"content":{"rendered":"<p style=\"text-align: justify;\">Benvolgudes fam\u00edlies,<img decoding=\"async\" class=\"alignright\" src=\"https:\/\/ateneu.xtec.cat\/wikiform\/wikiexport\/_media\/cursos\/curriculum\/inf_pri\/escacs\/escacs_a_l_escola_-_observo_penso_jugo.png?w=200&amp;tok=2a6032\" alt=\"cursos:curriculum:inf_pri:escacs:projecte [Formaci\u00f3 del professorat]\" \/><\/p>\n<p style=\"text-align: justify;\">la nostra escola participa en el Projecte d\u2019innovaci\u00f3 de Plans Educatius d\u2019Entorn 0-20 (PEE 0-20), promogut pel Departament d\u2019educaci\u00f3 conjuntament amb l\u2019Ajuntament de la ciutat, des del que ens proposen la participaci\u00f3 de l\u2019alumnat en uns Tallers de suport i acompanyament educatiu diversificats gratu\u00efts.<\/p>\n<p style=\"text-align: justify;\">Aquests Tallers tenen l\u2019objectiu principal d\u2019ajudar l\u2019alumnat en l\u2019adquisici\u00f3 de les Compet\u00e8ncies B\u00e0siques segons les seves necessitats i interessos.<\/p>\n<p style=\"text-align: justify;\">Aquest curs, ens han ofert la possibilitat de triar la modalitat de taller i, com a centre, hem escollit un <strong>Taller d\u2019escacs<\/strong> en el que, a m\u00e9s d\u2019aprendre a jugar a escacs, l\u2019alumnat treballar\u00e0 altres \u00e0rees com les matem\u00e0tiques.<\/p>\n<p style=\"text-align: justify;\">Es desenvolupar\u00e0 de forma presencial a l\u2019escola <strong>des del 31 de gener de 2022 fins el dia 1 de juny de 2022<\/strong> en dues sessions setmanals de 1,5 hores, <strong>dilluns i dimecres<\/strong>, <strong>de 1<\/strong><strong>6:30 h a 18:00 hores<\/strong>.<\/p>\n<p style=\"text-align: justify;\">Els <strong>alumnes inscrits<\/strong> en l\u2019activitat corresponen als cursos de <strong>3r i 4rt d\u2019Educaci\u00f3 Prim\u00e0ria.<\/strong><\/p>\n<p>&nbsp;<\/p>\n<p><img decoding=\"async\" src=\"https:\/\/agora.xtec.cat\/ceip-jruyra-l-h\/wp-content\/uploads\/usu2049\/2022\/01\/Logos-PMOE-1024x294.jpg\" \/><\/p>\n<p>&nbsp;<\/p>\n","protected":false},"excerpt":{"rendered":"<p>La nostra escola participa en el Projecte d\u2019innovaci\u00f3 de Plans Educatius d\u2019Entorn 0-20 (PEE 0-20), promogut pel Departament d\u2019educaci\u00f3 conjuntament amb l\u2019Ajuntament de la ciutat, des del que ens proposen la participaci\u00f3 de l\u2019alumnat en uns Tallers de suport i acompanyament educatiu diversificats gratu\u00efts.&hellip;  <a href=\"https:\/\/agora.xtec.cat\/ceip-jruyra-l-h\/primaria\/3r\/taller-descacs\/\" title=\"Read TALLER D\u2019ESCACS\">Llegeix m\u00e9s\u00bb<\/a><\/p>\n","protected":false},"author":3,"featured_media":11102,"comment_status":"open","ping_status":"closed","sticky":false,"template":"","format":"standard","meta":{"_bbp_topic_count":0,"_bbp_reply_count":0,"_bbp_total_topic_count":0,"_bbp_total_reply_count":0,"_bbp_voice_count":0,"_bbp_anonymous_reply_count":0,"_bbp_topic_count_hidden":0,"_bbp_reply_count_hidden":0,"_bbp_forum_subforum_count":0,"footnotes":""},"categories":[12,13,60],"tags":[71,83,68],"class_list":["post-11101","post","type-post","status-publish","format-standard","has-post-thumbnail","hentry","category-3r","category-4t","category-cdaxarxa","tag-actuacions-educatives-dexit","tag-comunitats-daprenentatge","tag-extensio-del-temps-daprenentatge"],"post_mailing_queue_ids":[],"_links":{"self":[{"href":"https:\/\/agora.xtec.cat\/ceip-jruyra-l-h\/wp-json\/wp\/v2\/posts\/11101","targetHints":{"allow":["GET"]}}],"collection":[{"href":"https:\/\/agora.xtec.cat\/ceip-jruyra-l-h\/wp-json\/wp\/v2\/posts"}],"about":[{"href":"https:\/\/agora.xtec.cat\/ceip-jruyra-l-h\/wp-json\/wp\/v2\/types\/post"}],"author":[{"embeddable":true,"href":"https:\/\/agora.xtec.cat\/ceip-jruyra-l-h\/wp-json\/wp\/v2\/users\/3"}],"replies":[{"embeddable":true,"href":"https:\/\/agora.xtec.cat\/ceip-jruyra-l-h\/wp-json\/wp\/v2\/comments?post=11101"}],"version-history":[{"count":3,"href":"https:\/\/agora.xtec.cat\/ceip-jruyra-l-h\/wp-json\/wp\/v2\/posts\/11101\/revisions"}],"predecessor-version":[{"id":11986,"href":"https:\/\/agora.xtec.cat\/ceip-jruyra-l-h\/wp-json\/wp\/v2\/posts\/11101\/revisions\/11986"}],"wp:featuredmedia":[{"embeddable":true,"href":"https:\/\/agora.xtec.cat\/ceip-jruyra-l-h\/wp-json\/wp\/v2\/media\/11102"}],"wp:attachment":[{"href":"https:\/\/agora.xtec.cat\/ceip-jruyra-l-h\/wp-json\/wp\/v2\/media?parent=11101"}],"wp:term":[{"taxonomy":"category","embeddable":true,"href":"https:\/\/agora.xtec.cat\/ceip-jruyra-l-h\/wp-json\/wp\/v2\/categories?post=11101"},{"taxonomy":"post_tag","embeddable":true,"href":"https:\/\/agora.xtec.cat\/ceip-jruyra-l-h\/wp-json\/wp\/v2\/tags?post=11101"}],"curies":[{"name":"wp","href":"https:\/\/api.w.org\/{rel}","templated":true}]}}