{"id":11098,"date":"2023-01-25T10:05:13","date_gmt":"2023-01-25T09:05:13","guid":{"rendered":"https:\/\/agora.xtec.cat\/ceip-jruyra-l-h\/?p=11098"},"modified":"2025-02-16T12:22:45","modified_gmt":"2025-02-16T11:22:45","slug":"jornada-de-portes-obertes","status":"publish","type":"post","link":"https:\/\/agora.xtec.cat\/ceip-jruyra-l-h\/general\/jornada-de-portes-obertes\/","title":{"rendered":"Jornada de Portes Obertes &#8211; 28 de febrer"},"content":{"rendered":"<p>El proper 28 de febrer farem una Jornada de Portes Obertes pr\u00e8via a la preinscripci\u00f3. Per con\u00e8ixer la nostra escola, tindreu diverses opcions.<\/p>\n<p>En primer lloc, hem preparat un v\u00eddeo perqu\u00e8 pugueu visitar virtualment l&#8217;escola:<\/p>\n<p><iframe loading=\"lazy\" src=\"https:\/\/www.youtube.com\/embed\/G67eCZpBrdw\" width=\"560\" height=\"315\" frameborder=\"0\"><\/iframe><\/p>\n<p>Si necessiteu m\u00e9s informaci\u00f3, tamb\u00e9 podeu consultar tota la documentaci\u00f3 que tenim penjada a la web. <strong>El per\u00edode de preinscripci\u00f3 ser\u00e0 del 6 al 20 de mar\u00e7.<\/strong><\/p>\n<p>D&#8217;altra banda, en el cas que ho necessiteu, tamb\u00e9 hem preparat 2 sessions de portes obertes diferenciades (una virtual i una presencial). <span style=\"font-family: inherit; font-size: 1em;\">Pel que fa a la presencial, farem una explicaci\u00f3 del Projecte Educatiu de l&#8217;escola i una visita a les instal\u00b7lacions Si us voleu inscriure, tant a la sessi\u00f3 virtual com a la presencial, <\/span><strong><a style=\"font-family: inherit; font-size: 1em;\" href=\"https:\/\/forms.gle\/2QwTpkK1Y2CZQuEW6\" target=\"_blank\" rel=\"noopener noreferrer\">feu click aqu\u00ed <img loading=\"lazy\" decoding=\"async\" class=\"\" src=\"https:\/\/agora.xtec.cat\/ceipvictorcatala\/wp-content\/uploads\/usu1671\/2020\/05\/aqui%CC%81-2.png\" width=\"32\" height=\"32\" \/><\/a><\/strong><\/p>\n","protected":false},"excerpt":{"rendered":"<p>El proper 28 de febrer farem una Jornada de Portes Obertes pr\u00e8via a la preinscripci\u00f3. Per con\u00e8ixer la nostra escola, tindreu diverses opcions.<br \/>\nEn primer lloc, hem preparat un v\u00eddeo perqu\u00e8 pugueu visitar virtualment l&#8217;escola:<\/p>\n<p>Si necessiteu m\u00e9s informaci\u00f3, tamb\u00e9 podeu consultar tota la documentaci\u00f3 que tenim&hellip;  <a href=\"https:\/\/agora.xtec.cat\/ceip-jruyra-l-h\/general\/jornada-de-portes-obertes\/\" title=\"Read Jornada de Portes Obertes &#8211; 28 de febrer\">Llegeix m\u00e9s\u00bb<\/a><\/p>\n","protected":false},"author":3,"featured_media":11680,"comment_status":"open","ping_status":"closed","sticky":false,"template":"","format":"standard","meta":{"_bbp_topic_count":0,"_bbp_reply_count":0,"_bbp_total_topic_count":0,"_bbp_total_reply_count":0,"_bbp_voice_count":0,"_bbp_anonymous_reply_count":0,"_bbp_topic_count_hidden":0,"_bbp_reply_count_hidden":0,"_bbp_forum_subforum_count":0,"footnotes":""},"categories":[60,1,4],"tags":[],"class_list":["post-11098","post","type-post","status-publish","format-standard","has-post-thumbnail","hentry","category-cdaxarxa","category-general","category-portada"],"post_mailing_queue_ids":[],"_links":{"self":[{"href":"https:\/\/agora.xtec.cat\/ceip-jruyra-l-h\/wp-json\/wp\/v2\/posts\/11098","targetHints":{"allow":["GET"]}}],"collection":[{"href":"https:\/\/agora.xtec.cat\/ceip-jruyra-l-h\/wp-json\/wp\/v2\/posts"}],"about":[{"href":"https:\/\/agora.xtec.cat\/ceip-jruyra-l-h\/wp-json\/wp\/v2\/types\/post"}],"author":[{"embeddable":true,"href":"https:\/\/agora.xtec.cat\/ceip-jruyra-l-h\/wp-json\/wp\/v2\/users\/3"}],"replies":[{"embeddable":true,"href":"https:\/\/agora.xtec.cat\/ceip-jruyra-l-h\/wp-json\/wp\/v2\/comments?post=11098"}],"version-history":[{"count":4,"href":"https:\/\/agora.xtec.cat\/ceip-jruyra-l-h\/wp-json\/wp\/v2\/posts\/11098\/revisions"}],"predecessor-version":[{"id":13826,"href":"https:\/\/agora.xtec.cat\/ceip-jruyra-l-h\/wp-json\/wp\/v2\/posts\/11098\/revisions\/13826"}],"wp:featuredmedia":[{"embeddable":true,"href":"https:\/\/agora.xtec.cat\/ceip-jruyra-l-h\/wp-json\/wp\/v2\/media\/11680"}],"wp:attachment":[{"href":"https:\/\/agora.xtec.cat\/ceip-jruyra-l-h\/wp-json\/wp\/v2\/media?parent=11098"}],"wp:term":[{"taxonomy":"category","embeddable":true,"href":"https:\/\/agora.xtec.cat\/ceip-jruyra-l-h\/wp-json\/wp\/v2\/categories?post=11098"},{"taxonomy":"post_tag","embeddable":true,"href":"https:\/\/agora.xtec.cat\/ceip-jruyra-l-h\/wp-json\/wp\/v2\/tags?post=11098"}],"curies":[{"name":"wp","href":"https:\/\/api.w.org\/{rel}","templated":true}]}}