{"id":10734,"date":"2021-12-17T13:22:05","date_gmt":"2021-12-17T12:22:05","guid":{"rendered":"https:\/\/agora.xtec.cat\/ceip-jruyra-l-h\/?p=10734"},"modified":"2022-05-05T09:51:16","modified_gmt":"2022-05-05T07:51:16","slug":"biblioteca-tutoritzada-2","status":"publish","type":"post","link":"https:\/\/agora.xtec.cat\/ceip-jruyra-l-h\/cdaxarxa\/biblioteca-tutoritzada-2\/","title":{"rendered":"Biblioteca Tutoritzada"},"content":{"rendered":"<p>La Biblioteca Tutoritzada est\u00e0 considerada una Actuaci\u00f3 Educativa d\u2019\u00c8xit pr\u00f2pia de les Comunitats d\u2019Aprenentatge. Aquesta activitat amplia el temps d\u2019aprenentatge i compta amb la participaci\u00f3 de voluntaris i alumnat. L\u2019activitat es porta a terme a la Biblioteca del centre.<\/p>\n<p>A la Biblioteca Tutoritzada es d\u00f3na suport als alumnes en les seves tasques escolars,\u00a0es resolen dubtes, es porten a terme recerques, s\u2019apr\u00e8n a llegir, es fomenta el gust per la lectura i s\u2019estudia, tot fent us de l\u2019aprenentatge dial\u00f2gic, \u00e9s a dir, l\u2019aprenentatge entre iguals, mitjan\u00e7ant la interacci\u00f3 i la col\u00b7laboraci\u00f3\u00a0entre l\u2019alumnat que hi participa i l\u2019ajuda del voluntariat.<\/p>\n<p>Aquesta activitat va dirigida a tot l\u2019alumnat del centre. Obrim la biblioteca <strong>totes les tardes de 16:30h a 18h<\/strong>.\u00a0La Biblioteca Tutoritzada est\u00e0 oberta a la participaci\u00f3 de tot tipus de\u00a0voluntaris, ja siguin familiars, amics, estudiants, ex-alumnes, etc&#8230;Tothom que vulgui participar pot fer-ho.<\/p>\n<p>Us esperem! Recordeu que el primer dia heu de venir acompanyats perqu\u00e8 us fem el carnet d&#8217;usuari.<\/p>\n<p><img loading=\"lazy\" decoding=\"async\" class=\"alignnone size-large wp-image-10735\" src=\"https:\/\/agora.xtec.cat\/ceip-jruyra-l-h\/wp-content\/uploads\/usu2049\/2021\/12\/foto1-1024x760.jpg\" alt=\"\" width=\"1024\" height=\"760\" srcset=\"https:\/\/agora.xtec.cat\/ceip-jruyra-l-h\/wp-content\/uploads\/usu2049\/2021\/12\/foto1-1024x760.jpg 1024w, https:\/\/agora.xtec.cat\/ceip-jruyra-l-h\/wp-content\/uploads\/usu2049\/2021\/12\/foto1-300x223.jpg 300w, https:\/\/agora.xtec.cat\/ceip-jruyra-l-h\/wp-content\/uploads\/usu2049\/2021\/12\/foto1-768x570.jpg 768w, https:\/\/agora.xtec.cat\/ceip-jruyra-l-h\/wp-content\/uploads\/usu2049\/2021\/12\/foto1.jpg 1104w\" sizes=\"auto, (max-width: 1024px) 100vw, 1024px\" \/> <img loading=\"lazy\" decoding=\"async\" class=\"alignnone size-large wp-image-10736\" src=\"https:\/\/agora.xtec.cat\/ceip-jruyra-l-h\/wp-content\/uploads\/usu2049\/2021\/12\/foto2-1024x739.jpg\" alt=\"\" width=\"1024\" height=\"739\" srcset=\"https:\/\/agora.xtec.cat\/ceip-jruyra-l-h\/wp-content\/uploads\/usu2049\/2021\/12\/foto2-1024x739.jpg 1024w, https:\/\/agora.xtec.cat\/ceip-jruyra-l-h\/wp-content\/uploads\/usu2049\/2021\/12\/foto2-300x216.jpg 300w, https:\/\/agora.xtec.cat\/ceip-jruyra-l-h\/wp-content\/uploads\/usu2049\/2021\/12\/foto2-768x554.jpg 768w, https:\/\/agora.xtec.cat\/ceip-jruyra-l-h\/wp-content\/uploads\/usu2049\/2021\/12\/foto2.jpg 1106w\" sizes=\"auto, (max-width: 1024px) 100vw, 1024px\" \/> <img loading=\"lazy\" decoding=\"async\" class=\"alignnone size-large wp-image-10737\" src=\"https:\/\/agora.xtec.cat\/ceip-jruyra-l-h\/wp-content\/uploads\/usu2049\/2021\/12\/foto3-1024x652.jpg\" alt=\"\" width=\"1024\" height=\"652\" srcset=\"https:\/\/agora.xtec.cat\/ceip-jruyra-l-h\/wp-content\/uploads\/usu2049\/2021\/12\/foto3-1024x652.jpg 1024w, https:\/\/agora.xtec.cat\/ceip-jruyra-l-h\/wp-content\/uploads\/usu2049\/2021\/12\/foto3-300x191.jpg 300w, https:\/\/agora.xtec.cat\/ceip-jruyra-l-h\/wp-content\/uploads\/usu2049\/2021\/12\/foto3-768x489.jpg 768w, https:\/\/agora.xtec.cat\/ceip-jruyra-l-h\/wp-content\/uploads\/usu2049\/2021\/12\/foto3.jpg 1108w\" sizes=\"auto, (max-width: 1024px) 100vw, 1024px\" \/> <img loading=\"lazy\" decoding=\"async\" class=\"alignnone size-large wp-image-10738\" src=\"https:\/\/agora.xtec.cat\/ceip-jruyra-l-h\/wp-content\/uploads\/usu2049\/2021\/12\/foto4-1024x675.jpg\" alt=\"\" width=\"1024\" height=\"675\" srcset=\"https:\/\/agora.xtec.cat\/ceip-jruyra-l-h\/wp-content\/uploads\/usu2049\/2021\/12\/foto4-1024x675.jpg 1024w, https:\/\/agora.xtec.cat\/ceip-jruyra-l-h\/wp-content\/uploads\/usu2049\/2021\/12\/foto4-300x198.jpg 300w, https:\/\/agora.xtec.cat\/ceip-jruyra-l-h\/wp-content\/uploads\/usu2049\/2021\/12\/foto4-768x506.jpg 768w, https:\/\/agora.xtec.cat\/ceip-jruyra-l-h\/wp-content\/uploads\/usu2049\/2021\/12\/foto4.jpg 1104w\" sizes=\"auto, (max-width: 1024px) 100vw, 1024px\" \/><\/p>\n<p>* Aquesta activitat \u00e9s possible gr\u00e0cies al PMOE (Pla de Millora d&#8217;Oportunitats Educatives), que contempla diferents mesures per ajudar l\u2019alumnat i les seves fam\u00edlies a superar les seq\u00fceles produ\u00efdes per la pand\u00e8mia de Covid19.<\/p>\n<p><img loading=\"lazy\" decoding=\"async\" class=\"alignnone size-large wp-image-11064\" src=\"https:\/\/agora.xtec.cat\/ceip-jruyra-l-h\/wp-content\/uploads\/usu2049\/2022\/01\/Logos-PMOE-1024x294.jpg\" alt=\"\" width=\"1024\" height=\"294\" srcset=\"https:\/\/agora.xtec.cat\/ceip-jruyra-l-h\/wp-content\/uploads\/usu2049\/2022\/01\/Logos-PMOE-1024x294.jpg 1024w, https:\/\/agora.xtec.cat\/ceip-jruyra-l-h\/wp-content\/uploads\/usu2049\/2022\/01\/Logos-PMOE-300x86.jpg 300w, https:\/\/agora.xtec.cat\/ceip-jruyra-l-h\/wp-content\/uploads\/usu2049\/2022\/01\/Logos-PMOE-768x220.jpg 768w, https:\/\/agora.xtec.cat\/ceip-jruyra-l-h\/wp-content\/uploads\/usu2049\/2022\/01\/Logos-PMOE-1536x440.jpg 1536w, https:\/\/agora.xtec.cat\/ceip-jruyra-l-h\/wp-content\/uploads\/usu2049\/2022\/01\/Logos-PMOE.jpg 1814w\" sizes=\"auto, (max-width: 1024px) 100vw, 1024px\" \/><\/p>\n","protected":false},"excerpt":{"rendered":"<p>La Biblioteca Tutoritzada est\u00e0 considerada una Actuaci\u00f3 Educativa d\u2019\u00c8xit pr\u00f2pia de les Comunitats d\u2019Aprenentatge. Aquesta activitat amplia el temps d\u2019aprenentatge i compta amb la participaci\u00f3 de voluntaris i alumnat. L\u2019activitat es porta a terme a la Biblioteca del centre.&hellip;  <a href=\"https:\/\/agora.xtec.cat\/ceip-jruyra-l-h\/cdaxarxa\/biblioteca-tutoritzada-2\/\" title=\"Read Biblioteca Tutoritzada\">Llegeix m\u00e9s\u00bb<\/a><\/p>\n","protected":false},"author":3,"featured_media":10735,"comment_status":"open","ping_status":"closed","sticky":false,"template":"","format":"standard","meta":{"_bbp_topic_count":0,"_bbp_reply_count":0,"_bbp_total_topic_count":0,"_bbp_total_reply_count":0,"_bbp_voice_count":0,"_bbp_anonymous_reply_count":0,"_bbp_topic_count_hidden":0,"_bbp_reply_count_hidden":0,"_bbp_forum_subforum_count":0,"footnotes":""},"categories":[60],"tags":[71,83,68,67],"class_list":["post-10734","post","type-post","status-publish","format-standard","has-post-thumbnail","hentry","category-cdaxarxa","tag-actuacions-educatives-dexit","tag-comunitats-daprenentatge","tag-extensio-del-temps-daprenentatge","tag-participacio-educativa-de-la-comunitat"],"post_mailing_queue_ids":[],"_links":{"self":[{"href":"https:\/\/agora.xtec.cat\/ceip-jruyra-l-h\/wp-json\/wp\/v2\/posts\/10734","targetHints":{"allow":["GET"]}}],"collection":[{"href":"https:\/\/agora.xtec.cat\/ceip-jruyra-l-h\/wp-json\/wp\/v2\/posts"}],"about":[{"href":"https:\/\/agora.xtec.cat\/ceip-jruyra-l-h\/wp-json\/wp\/v2\/types\/post"}],"author":[{"embeddable":true,"href":"https:\/\/agora.xtec.cat\/ceip-jruyra-l-h\/wp-json\/wp\/v2\/users\/3"}],"replies":[{"embeddable":true,"href":"https:\/\/agora.xtec.cat\/ceip-jruyra-l-h\/wp-json\/wp\/v2\/comments?post=10734"}],"version-history":[{"count":3,"href":"https:\/\/agora.xtec.cat\/ceip-jruyra-l-h\/wp-json\/wp\/v2\/posts\/10734\/revisions"}],"predecessor-version":[{"id":12327,"href":"https:\/\/agora.xtec.cat\/ceip-jruyra-l-h\/wp-json\/wp\/v2\/posts\/10734\/revisions\/12327"}],"wp:featuredmedia":[{"embeddable":true,"href":"https:\/\/agora.xtec.cat\/ceip-jruyra-l-h\/wp-json\/wp\/v2\/media\/10735"}],"wp:attachment":[{"href":"https:\/\/agora.xtec.cat\/ceip-jruyra-l-h\/wp-json\/wp\/v2\/media?parent=10734"}],"wp:term":[{"taxonomy":"category","embeddable":true,"href":"https:\/\/agora.xtec.cat\/ceip-jruyra-l-h\/wp-json\/wp\/v2\/categories?post=10734"},{"taxonomy":"post_tag","embeddable":true,"href":"https:\/\/agora.xtec.cat\/ceip-jruyra-l-h\/wp-json\/wp\/v2\/tags?post=10734"}],"curies":[{"name":"wp","href":"https:\/\/api.w.org\/{rel}","templated":true}]}}