{"id":10094,"date":"2021-12-08T20:31:34","date_gmt":"2021-12-08T19:31:34","guid":{"rendered":"https:\/\/agora.xtec.cat\/ceip-jruyra-l-h\/?p=10094"},"modified":"2022-01-24T11:26:44","modified_gmt":"2022-01-24T10:26:44","slug":"tornem-a-obrir-la-biblioteca-tutoritzada","status":"publish","type":"post","link":"https:\/\/agora.xtec.cat\/ceip-jruyra-l-h\/infantil\/tornem-a-obrir-la-biblioteca-tutoritzada\/","title":{"rendered":"Tornem a obrir la Biblioteca Tutoritzada!"},"content":{"rendered":"<p><img loading=\"lazy\" decoding=\"async\" class=\"alignnone size-full wp-image-10103\" src=\"https:\/\/agora.xtec.cat\/ceip-jruyra-l-h\/wp-content\/uploads\/usu2049\/2021\/12\/cats-2.jpeg\" alt=\"\" width=\"449\" height=\"220\" srcset=\"https:\/\/agora.xtec.cat\/ceip-jruyra-l-h\/wp-content\/uploads\/usu2049\/2021\/12\/cats-2.jpeg 449w, https:\/\/agora.xtec.cat\/ceip-jruyra-l-h\/wp-content\/uploads\/usu2049\/2021\/12\/cats-2-300x147.jpeg 300w\" sizes=\"auto, (max-width: 449px) 100vw, 449px\" \/><\/p>\n<p>La Biblioteca Tutoritzada forma part de l\u2019Extensi\u00f3 del Temps d\u2019Aprenentatge, una Actuaci\u00f3 Educativa d\u2019\u00c8xit que compta amb la participaci\u00f3 de voluntaris i alumnat. L\u2019activitat es porta a terme a la Biblioteca del centre, \u00e9s gratu\u00efta i es realitzar\u00e0 tots els dies 16:30h a 18h.<\/p>\n<p>A la Biblioteca Tutoritzada es d\u00f3na suport als alumnes en les seves tasques escolars, es resolen dubtes, es porten a terme recerques i s\u2019estudia, tot fent us de l\u2019aprenentatge dial\u00f2gic, \u00e9s a dir, l\u2019aprenentatge entre iguals. Ser\u00e0 un lloc d\u2019estudi extraescolar per realitzar les tasques o els deures mitjan\u00e7ant la interacci\u00f3 i la cooperaci\u00f3 entre l\u2019alumnat que hi participa i l\u2019ajuda del voluntariat .<\/p>\n<p>Aquesta activitat va dirigida a tot l&#8217;alumnat del centre i comptem amb la col\u00b7laboraci\u00f3 de dues persones, la Merche i la Cristina, que seran responsables de l&#8217;espai mentre romangui obert.<\/p>\n<p>La Biblioteca Tutoritzada est\u00e0 oberta a la participaci\u00f3 de tot tipus de\u00a0voluntaris, ja siguin familiars, amics, estudiants, ex-alumnes, etc\u2026<\/p>\n<p>Per poder participar, el primer dia haureu d&#8217;apropar-vos amb el vostre fill o filla, a partir del <strong>dilluns dia 13 de desembre a les 16:30h<\/strong> per sol\u00b7licitar la inscripci\u00f3. Us donarem un carnet d&#8217;usuari de la biblioteca perqu\u00e8 pugueu fer-la servir.<\/p>\n<p><strong>Els dilluns, dimecres i divendres estar\u00e0 oberta per alumnes de Cicle Mitj\u00e0 i Superior (3r, 4rt, 5\u00e8 i 6\u00e8).<\/strong><\/p>\n<p><strong>El dimarts i el dijous estar\u00e0 oberta per alumnes d&#8217;Educaci\u00f3 Infantil i Cicle Inicial (P3, P4, P5, 1r i 2n).<\/strong><\/p>\n<p>Us esperem!<\/p>\n<p>&nbsp;<\/p>\n<p>* Aquesta activitat \u00e9s possible gr\u00e0cies al PMOE (Pla de Millora d&#8217;Oportunitats Educatives), que contempla diferents mesures per ajudar l\u2019alumnat i les seves fam\u00edlies a superar les seq\u00fceles produ\u00efdes per la pand\u00e8mia de Covid19.<\/p>\n<p><img loading=\"lazy\" decoding=\"async\" class=\"alignnone size-large wp-image-11064\" src=\"https:\/\/agora.xtec.cat\/ceip-jruyra-l-h\/wp-content\/uploads\/usu2049\/2022\/01\/Logos-PMOE-1024x294.jpg\" alt=\"\" width=\"1024\" height=\"294\" srcset=\"https:\/\/agora.xtec.cat\/ceip-jruyra-l-h\/wp-content\/uploads\/usu2049\/2022\/01\/Logos-PMOE-1024x294.jpg 1024w, https:\/\/agora.xtec.cat\/ceip-jruyra-l-h\/wp-content\/uploads\/usu2049\/2022\/01\/Logos-PMOE-300x86.jpg 300w, https:\/\/agora.xtec.cat\/ceip-jruyra-l-h\/wp-content\/uploads\/usu2049\/2022\/01\/Logos-PMOE-768x220.jpg 768w, https:\/\/agora.xtec.cat\/ceip-jruyra-l-h\/wp-content\/uploads\/usu2049\/2022\/01\/Logos-PMOE-1536x440.jpg 1536w, https:\/\/agora.xtec.cat\/ceip-jruyra-l-h\/wp-content\/uploads\/usu2049\/2022\/01\/Logos-PMOE.jpg 1814w\" sizes=\"auto, (max-width: 1024px) 100vw, 1024px\" \/><\/p>\n","protected":false},"excerpt":{"rendered":"<p>La Biblioteca Tutoritzada forma part de l\u2019Extensi\u00f3 del Temps d\u2019Aprenentatge, una Actuaci\u00f3 Educativa d\u2019\u00c8xit que compta amb la participaci\u00f3 de voluntaris i alumnat. L\u2019activitat es porta a terme a la Biblioteca del centre, \u00e9s gratu\u00efta i es realitzar\u00e0 tots els dies 16:30h a 18h.&hellip;  <a href=\"https:\/\/agora.xtec.cat\/ceip-jruyra-l-h\/infantil\/tornem-a-obrir-la-biblioteca-tutoritzada\/\" title=\"Read Tornem a obrir la Biblioteca Tutoritzada!\">Llegeix m\u00e9s\u00bb<\/a><\/p>\n","protected":false},"author":3,"featured_media":10103,"comment_status":"open","ping_status":"closed","sticky":false,"template":"","format":"standard","meta":{"_bbp_topic_count":0,"_bbp_reply_count":0,"_bbp_total_topic_count":0,"_bbp_total_reply_count":0,"_bbp_voice_count":0,"_bbp_anonymous_reply_count":0,"_bbp_topic_count_hidden":0,"_bbp_reply_count_hidden":0,"_bbp_forum_subforum_count":0,"footnotes":""},"categories":[10,11,12,13,14,15,60,2,3,8,9,4,5],"tags":[71,83,68,67],"class_list":["post-10094","post","type-post","status-publish","format-standard","has-post-thumbnail","hentry","category-1r","category-2n","category-3r","category-4t","category-5e","category-6e","category-cdaxarxa","category-infantil","category-i3","category-i4","category-i5","category-portada","category-primaria","tag-actuacions-educatives-dexit","tag-comunitats-daprenentatge","tag-extensio-del-temps-daprenentatge","tag-participacio-educativa-de-la-comunitat"],"post_mailing_queue_ids":[],"_links":{"self":[{"href":"https:\/\/agora.xtec.cat\/ceip-jruyra-l-h\/wp-json\/wp\/v2\/posts\/10094","targetHints":{"allow":["GET"]}}],"collection":[{"href":"https:\/\/agora.xtec.cat\/ceip-jruyra-l-h\/wp-json\/wp\/v2\/posts"}],"about":[{"href":"https:\/\/agora.xtec.cat\/ceip-jruyra-l-h\/wp-json\/wp\/v2\/types\/post"}],"author":[{"embeddable":true,"href":"https:\/\/agora.xtec.cat\/ceip-jruyra-l-h\/wp-json\/wp\/v2\/users\/3"}],"replies":[{"embeddable":true,"href":"https:\/\/agora.xtec.cat\/ceip-jruyra-l-h\/wp-json\/wp\/v2\/comments?post=10094"}],"version-history":[{"count":3,"href":"https:\/\/agora.xtec.cat\/ceip-jruyra-l-h\/wp-json\/wp\/v2\/posts\/10094\/revisions"}],"predecessor-version":[{"id":11068,"href":"https:\/\/agora.xtec.cat\/ceip-jruyra-l-h\/wp-json\/wp\/v2\/posts\/10094\/revisions\/11068"}],"wp:featuredmedia":[{"embeddable":true,"href":"https:\/\/agora.xtec.cat\/ceip-jruyra-l-h\/wp-json\/wp\/v2\/media\/10103"}],"wp:attachment":[{"href":"https:\/\/agora.xtec.cat\/ceip-jruyra-l-h\/wp-json\/wp\/v2\/media?parent=10094"}],"wp:term":[{"taxonomy":"category","embeddable":true,"href":"https:\/\/agora.xtec.cat\/ceip-jruyra-l-h\/wp-json\/wp\/v2\/categories?post=10094"},{"taxonomy":"post_tag","embeddable":true,"href":"https:\/\/agora.xtec.cat\/ceip-jruyra-l-h\/wp-json\/wp\/v2\/tags?post=10094"}],"curies":[{"name":"wp","href":"https:\/\/api.w.org\/{rel}","templated":true}]}}