{"id":997,"date":"2016-10-22T13:26:01","date_gmt":"2016-10-22T11:26:01","guid":{"rendered":"http:\/\/agora.xtec.cat\/ceip-jrj\/?p=997"},"modified":"2016-11-09T13:46:51","modified_gmt":"2016-11-09T12:46:51","slug":"projectes-descola","status":"publish","type":"post","link":"https:\/\/agora.xtec.cat\/ceip-jrj\/general\/projectes-descola\/","title":{"rendered":"EL \u201cPATI-NET\u201d COMEN\u00c7A A FUNCIONAR A LA NOSTRA ESCOLA"},"content":{"rendered":"<p style=\"text-align: justify;\">Ara fa unes setmanes v\u00e0rem engegar un nou projecte a l\u2019escola, anomenat Pati-net. La missi\u00f3 d\u2019aquesta nova iniciativa \u00e9s reinventar l\u2019antiga Patrulla Verda amb la incorporaci\u00f3 d\u2019uns patinets que vetllaran pel control de la neteja dels patis, conscienciant als alumnes de l\u2019escola per aconseguir un entorn net i sostenible.<\/p>\n<p style=\"text-align: justify;\">Reduir i reciclar, aquest \u00e9s el binomi que cerquem en la neteja de la nostra escola on la responsabilitat \u00e9s de tots i on hem de prendre consci\u00e8ncia del nostre civisme per mantenir netes les instal\u00b7lacions de les que tots en gaudim.<\/p>\n<p style=\"text-align: justify;\">Al Juan Ramon, ens enriquim m\u00fatuament.<\/p>\n","protected":false},"excerpt":{"rendered":"<p>Ara fa unes setmanes v\u00e0rem engegar un nou projecte a l\u2019escola, anomenat Pati-net. La missi\u00f3 d\u2019aquesta nova iniciativa \u00e9s reinventar l\u2019antiga Patrulla Verda amb la incorporaci\u00f3 d\u2019uns patinets que vetllaran pel control de la neteja dels patis, conscienciant als alumnes de l\u2019escola per aconseguir un&hellip;  <a href=\"https:\/\/agora.xtec.cat\/ceip-jrj\/general\/projectes-descola\/\" title=\"Read EL \u201cPATI-NET\u201d COMEN\u00c7A A FUNCIONAR A LA NOSTRA ESCOLA\">Llegeix m\u00e9s\u00bb<\/a><\/p>\n","protected":false},"author":1,"featured_media":0,"comment_status":"open","ping_status":"open","sticky":false,"template":"","format":"standard","meta":{"_bbp_topic_count":0,"_bbp_reply_count":0,"_bbp_total_topic_count":0,"_bbp_total_reply_count":0,"_bbp_voice_count":0,"_bbp_anonymous_reply_count":0,"_bbp_topic_count_hidden":0,"_bbp_reply_count_hidden":0,"_bbp_forum_subforum_count":0,"footnotes":""},"categories":[1,4],"tags":[],"class_list":["post-997","post","type-post","status-publish","format-standard","hentry","category-general","category-portada"],"post_mailing_queue_ids":[],"_links":{"self":[{"href":"https:\/\/agora.xtec.cat\/ceip-jrj\/wp-json\/wp\/v2\/posts\/997","targetHints":{"allow":["GET"]}}],"collection":[{"href":"https:\/\/agora.xtec.cat\/ceip-jrj\/wp-json\/wp\/v2\/posts"}],"about":[{"href":"https:\/\/agora.xtec.cat\/ceip-jrj\/wp-json\/wp\/v2\/types\/post"}],"author":[{"embeddable":true,"href":"https:\/\/agora.xtec.cat\/ceip-jrj\/wp-json\/wp\/v2\/users\/1"}],"replies":[{"embeddable":true,"href":"https:\/\/agora.xtec.cat\/ceip-jrj\/wp-json\/wp\/v2\/comments?post=997"}],"version-history":[{"count":3,"href":"https:\/\/agora.xtec.cat\/ceip-jrj\/wp-json\/wp\/v2\/posts\/997\/revisions"}],"predecessor-version":[{"id":1218,"href":"https:\/\/agora.xtec.cat\/ceip-jrj\/wp-json\/wp\/v2\/posts\/997\/revisions\/1218"}],"wp:attachment":[{"href":"https:\/\/agora.xtec.cat\/ceip-jrj\/wp-json\/wp\/v2\/media?parent=997"}],"wp:term":[{"taxonomy":"category","embeddable":true,"href":"https:\/\/agora.xtec.cat\/ceip-jrj\/wp-json\/wp\/v2\/categories?post=997"},{"taxonomy":"post_tag","embeddable":true,"href":"https:\/\/agora.xtec.cat\/ceip-jrj\/wp-json\/wp\/v2\/tags?post=997"}],"curies":[{"name":"wp","href":"https:\/\/api.w.org\/{rel}","templated":true}]}}