{"id":8187,"date":"2026-04-29T19:24:35","date_gmt":"2026-04-29T17:24:35","guid":{"rendered":"https:\/\/agora.xtec.cat\/ceip-jrj\/?p=8187"},"modified":"2026-04-29T19:24:35","modified_gmt":"2026-04-29T17:24:35","slug":"sant-jordi-al-centre-una-jornada-de-paraules-emocions-i-comunitat","status":"publish","type":"post","link":"https:\/\/agora.xtec.cat\/ceip-jrj\/general\/sant-jordi-al-centre-una-jornada-de-paraules-emocions-i-comunitat\/","title":{"rendered":"Sant Jordi al centre: una jornada de paraules, emocions i comunitat"},"content":{"rendered":"<p data-pm-slice=\"1 1 []\"><img loading=\"lazy\" decoding=\"async\" class=\"wp-image-8189 alignleft\" src=\"https:\/\/agora.xtec.cat\/ceip-jrj\/wp-content\/uploads\/usu280\/2026\/04\/6d57e709-4211-429a-97c8-350632f80b53.jpg\" alt=\"\" width=\"328\" height=\"246\" srcset=\"https:\/\/agora.xtec.cat\/ceip-jrj\/wp-content\/uploads\/usu280\/2026\/04\/6d57e709-4211-429a-97c8-350632f80b53.jpg 2048w, https:\/\/agora.xtec.cat\/ceip-jrj\/wp-content\/uploads\/usu280\/2026\/04\/6d57e709-4211-429a-97c8-350632f80b53-300x225.jpg 300w, https:\/\/agora.xtec.cat\/ceip-jrj\/wp-content\/uploads\/usu280\/2026\/04\/6d57e709-4211-429a-97c8-350632f80b53-1024x768.jpg 1024w, https:\/\/agora.xtec.cat\/ceip-jrj\/wp-content\/uploads\/usu280\/2026\/04\/6d57e709-4211-429a-97c8-350632f80b53-768x576.jpg 768w, https:\/\/agora.xtec.cat\/ceip-jrj\/wp-content\/uploads\/usu280\/2026\/04\/6d57e709-4211-429a-97c8-350632f80b53-1536x1152.jpg 1536w, https:\/\/agora.xtec.cat\/ceip-jrj\/wp-content\/uploads\/usu280\/2026\/04\/6d57e709-4211-429a-97c8-350632f80b53-200x150.jpg 200w\" sizes=\"auto, (max-width: 328px) 100vw, 328px\" \/>Com ja \u00e9s tradici\u00f3, la diada de Sant Jordi ha tornat a omplir el centre d\u2019una m\u00e0gia especial, d\u2019aquelles que nom\u00e9s es creen quan la cultura, la creativitat i la comunitat caminen plegades.<\/p>\n<p data-pm-slice=\"1 1 []\">Un dels moments m\u00e9s esperats ha estat, sens dubte, els Jocs Florals. Cada text ha estat una finestra oberta a la imaginaci\u00f3, una prova que les paraules, quan neixen del cor, tenen el poder de connectar-nos.<\/p>\n<p>La jornada tamb\u00e9 ha comptat amb el festival de danses, amb actuacions que han fet vibrar tots els assistents.<\/p>\n<p>Un altre dels moments m\u00e9s entranyables ha estat l\u2019intercanvi de punts de llibre. Petits detalls carregats de significat, creats amb dedicaci\u00f3, que han viatjat de m\u00e0 en m\u00e0 com a s\u00edmbol d\u2019amistat i amor per la lectura. En aquesta mateixa l\u00ednia, s\u2019han inaugurat nous espais de lectura al centre: racons acollidors pensats per fomentar el gust pels llibres i oferir un refugi tranquil on deixar volar la imaginaci\u00f3.<\/p>\n<p>Cal destacar tamb\u00e9 la valuosa col\u00b7laboraci\u00f3 de l\u2019AFA, que amb la seva implicaci\u00f3 constant ha contribu\u00eft a fer possible una jornada tan especial. La seva participaci\u00f3 refor\u00e7a els vincles entre fam\u00edlies i escola, construint una comunitat m\u00e9s unida i compromesa.<\/p>\n<p>Aix\u00ed, Sant Jordi al centre no ha estat nom\u00e9s una festa, sin\u00f3 una experi\u00e8ncia compartida, un record col\u00b7lectiu que ens recorda la import\u00e0ncia de la cultura, la creativitat i el poder de les hist\u00f2ries per fer-nos cr\u00e9ixer.<\/p>\n<h6 style=\"text-align: center;\"><b>Per veure les fotografies, feu clic a la pestanya FOTOS\u00a0<\/b><b>(imatge de la c\u00e0mera).<\/b><\/h6>\n<h6 style=\"text-align: center;\"><b>Recordeu que, per garantir la protecci\u00f3 de dades dels menors,<\/b><\/h6>\n<h6 style=\"text-align: center;\"><b>haureu d\u2019introduir el codi d\u2019acc\u00e9s proporcionat<\/b><\/h6>\n","protected":false},"excerpt":{"rendered":"<p>Com ja \u00e9s tradici\u00f3, la diada de Sant Jordi ha tornat a omplir el centre d\u2019una m\u00e0gia especial, d\u2019aquelles que nom\u00e9s es creen quan la cultura, la creativitat i la comunitat caminen plegades.&hellip;  <a href=\"https:\/\/agora.xtec.cat\/ceip-jrj\/general\/sant-jordi-al-centre-una-jornada-de-paraules-emocions-i-comunitat\/\" title=\"Read Sant Jordi al centre: una jornada de paraules, emocions i comunitat\">Llegeix m\u00e9s\u00bb<\/a><\/p>\n","protected":false},"author":1,"featured_media":8188,"comment_status":"closed","ping_status":"closed","sticky":false,"template":"","format":"standard","meta":{"_bbp_topic_count":0,"_bbp_reply_count":0,"_bbp_total_topic_count":0,"_bbp_total_reply_count":0,"_bbp_voice_count":0,"_bbp_anonymous_reply_count":0,"_bbp_topic_count_hidden":0,"_bbp_reply_count_hidden":0,"_bbp_forum_subforum_count":0,"footnotes":""},"categories":[1,2,4,5],"tags":[],"class_list":["post-8187","post","type-post","status-publish","format-standard","has-post-thumbnail","hentry","category-general","category-infantil","category-portada","category-primaria"],"post_mailing_queue_ids":[],"_links":{"self":[{"href":"https:\/\/agora.xtec.cat\/ceip-jrj\/wp-json\/wp\/v2\/posts\/8187","targetHints":{"allow":["GET"]}}],"collection":[{"href":"https:\/\/agora.xtec.cat\/ceip-jrj\/wp-json\/wp\/v2\/posts"}],"about":[{"href":"https:\/\/agora.xtec.cat\/ceip-jrj\/wp-json\/wp\/v2\/types\/post"}],"author":[{"embeddable":true,"href":"https:\/\/agora.xtec.cat\/ceip-jrj\/wp-json\/wp\/v2\/users\/1"}],"replies":[{"embeddable":true,"href":"https:\/\/agora.xtec.cat\/ceip-jrj\/wp-json\/wp\/v2\/comments?post=8187"}],"version-history":[{"count":1,"href":"https:\/\/agora.xtec.cat\/ceip-jrj\/wp-json\/wp\/v2\/posts\/8187\/revisions"}],"predecessor-version":[{"id":8190,"href":"https:\/\/agora.xtec.cat\/ceip-jrj\/wp-json\/wp\/v2\/posts\/8187\/revisions\/8190"}],"wp:featuredmedia":[{"embeddable":true,"href":"https:\/\/agora.xtec.cat\/ceip-jrj\/wp-json\/wp\/v2\/media\/8188"}],"wp:attachment":[{"href":"https:\/\/agora.xtec.cat\/ceip-jrj\/wp-json\/wp\/v2\/media?parent=8187"}],"wp:term":[{"taxonomy":"category","embeddable":true,"href":"https:\/\/agora.xtec.cat\/ceip-jrj\/wp-json\/wp\/v2\/categories?post=8187"},{"taxonomy":"post_tag","embeddable":true,"href":"https:\/\/agora.xtec.cat\/ceip-jrj\/wp-json\/wp\/v2\/tags?post=8187"}],"curies":[{"name":"wp","href":"https:\/\/api.w.org\/{rel}","templated":true}]}}