{"id":8180,"date":"2026-04-29T15:32:53","date_gmt":"2026-04-29T13:32:53","guid":{"rendered":"https:\/\/agora.xtec.cat\/ceip-jrj\/?p=8180"},"modified":"2026-04-29T19:27:28","modified_gmt":"2026-04-29T17:27:28","slug":"campanya-de-donacio-de-sang-a-lescola","status":"publish","type":"post","link":"https:\/\/agora.xtec.cat\/ceip-jrj\/general\/campanya-de-donacio-de-sang-a-lescola\/","title":{"rendered":"Campanya de donaci\u00f3 de sang a l\u2019escola"},"content":{"rendered":"<p style=\"text-align: justify;\"><img loading=\"lazy\" decoding=\"async\" class=\"wp-image-8181 alignleft\" src=\"https:\/\/agora.xtec.cat\/ceip-jrj\/wp-content\/uploads\/usu280\/2026\/04\/Diseno-sin-titulo-33.png\" alt=\"\" width=\"277\" height=\"196\" srcset=\"https:\/\/agora.xtec.cat\/ceip-jrj\/wp-content\/uploads\/usu280\/2026\/04\/Diseno-sin-titulo-33.png 2000w, https:\/\/agora.xtec.cat\/ceip-jrj\/wp-content\/uploads\/usu280\/2026\/04\/Diseno-sin-titulo-33-300x212.png 300w, https:\/\/agora.xtec.cat\/ceip-jrj\/wp-content\/uploads\/usu280\/2026\/04\/Diseno-sin-titulo-33-1024x724.png 1024w, https:\/\/agora.xtec.cat\/ceip-jrj\/wp-content\/uploads\/usu280\/2026\/04\/Diseno-sin-titulo-33-768x543.png 768w, https:\/\/agora.xtec.cat\/ceip-jrj\/wp-content\/uploads\/usu280\/2026\/04\/Diseno-sin-titulo-33-1536x1086.png 1536w\" sizes=\"auto, (max-width: 277px) 100vw, 277px\" \/>Ahir vam viure una jornada molt especial a l\u2019escola amb la campanya de donaci\u00f3 de sang, una iniciativa organitzada pels nens i nenes de 5\u00e8 conjuntament amb tota la comunitat educativa. Aquesta activitat \u00e9s el resultat d\u2019un projecte treballat al llarg del curs, que ha perm\u00e8s a l\u2019alumnat aprofundir en valors com la solidaritat, el comprom\u00eds i l\u2019ajuda als altres.<\/p>\n<p style=\"text-align: justify;\">Durant aquest temps, els alumnes han investigat qu\u00e8 \u00e9s la donaci\u00f3 de sang i per qu\u00e8 \u00e9s tan important per a les persones que la necessiten. Tamb\u00e9 han estudiat el funcionament del cos hum\u00e0, especialment el sistema circulatori, per entendre millor com actua la sang dins del nostre organisme. A m\u00e9s, han comptat amb la visita d\u2019una infermera, que els ha explicat de primera m\u00e0 el proc\u00e9s de donaci\u00f3 i ha resolt els seus dubtes.<\/p>\n<p style=\"text-align: justify;\">Paral\u00b7lelament, l\u2019alumnat ha estat protagonista en l\u2019organitzaci\u00f3 de la campanya: han dissenyat cartells, elaborat materials informatius i han dif\u00f3s la iniciativa entre les fam\u00edlies i l\u2019entorn proper, assumint un paper actiu en tot el proc\u00e9s.<img loading=\"lazy\" decoding=\"async\" class=\"wp-image-8182 alignright\" src=\"https:\/\/agora.xtec.cat\/ceip-jrj\/wp-content\/uploads\/usu280\/2026\/04\/Diseno-sin-titulo-32.png\" alt=\"\" width=\"289\" height=\"204\" srcset=\"https:\/\/agora.xtec.cat\/ceip-jrj\/wp-content\/uploads\/usu280\/2026\/04\/Diseno-sin-titulo-32.png 2000w, https:\/\/agora.xtec.cat\/ceip-jrj\/wp-content\/uploads\/usu280\/2026\/04\/Diseno-sin-titulo-32-300x212.png 300w, https:\/\/agora.xtec.cat\/ceip-jrj\/wp-content\/uploads\/usu280\/2026\/04\/Diseno-sin-titulo-32-1024x724.png 1024w, https:\/\/agora.xtec.cat\/ceip-jrj\/wp-content\/uploads\/usu280\/2026\/04\/Diseno-sin-titulo-32-768x543.png 768w, https:\/\/agora.xtec.cat\/ceip-jrj\/wp-content\/uploads\/usu280\/2026\/04\/Diseno-sin-titulo-32-1536x1086.png 1536w\" sizes=\"auto, (max-width: 289px) 100vw, 289px\" \/><\/p>\n<p style=\"text-align: justify;\">El dia de la donaci\u00f3, els nens i nenes de 5\u00e8 van participar en l\u2019acollida de les persones donants i en la coordinaci\u00f3 de la jornada, vivint una experi\u00e8ncia real de servei a la comunitat.<\/p>\n<p style=\"text-align: justify;\">Pel que fa als resultats, la jornada va comptar amb 42 persones participants, de les quals 40 van poder fer donaci\u00f3 de sang, 6 de plasma i 7 van ser nous donants. Unes dades molt positives que reflecteixen la implicaci\u00f3 i la solidaritat de totes les persones que hi van participar.<\/p>\n<p style=\"text-align: justify;\">Volem agrair sincerament la col\u00b7laboraci\u00f3 de totes les persones que es van apropar a l\u2019escola i van fer possible aquesta iniciativa. Accions com aquesta ens ajuden a formar ciutadans conscients, compromesos i solidaris.<\/p>\n<p style=\"text-align: justify;\">Cada gota compta!<\/p>\n<h6 style=\"text-align: center;\"><b>Per veure les fotografies, feu clic a la pestanya FOTOS\u00a0<\/b><b>(imatge de la c\u00e0mera).<\/b><\/h6>\n<h6 style=\"text-align: center;\"><b>Recordeu que, per garantir la protecci\u00f3 de dades dels menors,<\/b><\/h6>\n<h6 style=\"text-align: center;\"><b>haureu d\u2019introduir el codi d\u2019acc\u00e9s proporcionat<\/b><\/h6>\n","protected":false},"excerpt":{"rendered":"<p>L\u2019alumnat de 5\u00e8 ha organitzat una campanya de donaci\u00f3 de sang, treballant la solidaritat i el comprom\u00eds, amb una gran participaci\u00f3 de la comunitat educativa i resultats molt positius.&hellip;  <a href=\"https:\/\/agora.xtec.cat\/ceip-jrj\/general\/campanya-de-donacio-de-sang-a-lescola\/\" title=\"Read Campanya de donaci\u00f3 de sang a l\u2019escola\">Llegeix m\u00e9s\u00bb<\/a><\/p>\n","protected":false},"author":1,"featured_media":8184,"comment_status":"closed","ping_status":"closed","sticky":false,"template":"","format":"standard","meta":{"_bbp_topic_count":0,"_bbp_reply_count":0,"_bbp_total_topic_count":0,"_bbp_total_reply_count":0,"_bbp_voice_count":0,"_bbp_anonymous_reply_count":0,"_bbp_topic_count_hidden":0,"_bbp_reply_count_hidden":0,"_bbp_forum_subforum_count":0,"footnotes":""},"categories":[14,1,4,5],"tags":[],"class_list":["post-8180","post","type-post","status-publish","format-standard","has-post-thumbnail","hentry","category-5e","category-general","category-portada","category-primaria"],"post_mailing_queue_ids":[],"_links":{"self":[{"href":"https:\/\/agora.xtec.cat\/ceip-jrj\/wp-json\/wp\/v2\/posts\/8180","targetHints":{"allow":["GET"]}}],"collection":[{"href":"https:\/\/agora.xtec.cat\/ceip-jrj\/wp-json\/wp\/v2\/posts"}],"about":[{"href":"https:\/\/agora.xtec.cat\/ceip-jrj\/wp-json\/wp\/v2\/types\/post"}],"author":[{"embeddable":true,"href":"https:\/\/agora.xtec.cat\/ceip-jrj\/wp-json\/wp\/v2\/users\/1"}],"replies":[{"embeddable":true,"href":"https:\/\/agora.xtec.cat\/ceip-jrj\/wp-json\/wp\/v2\/comments?post=8180"}],"version-history":[{"count":4,"href":"https:\/\/agora.xtec.cat\/ceip-jrj\/wp-json\/wp\/v2\/posts\/8180\/revisions"}],"predecessor-version":[{"id":8192,"href":"https:\/\/agora.xtec.cat\/ceip-jrj\/wp-json\/wp\/v2\/posts\/8180\/revisions\/8192"}],"wp:featuredmedia":[{"embeddable":true,"href":"https:\/\/agora.xtec.cat\/ceip-jrj\/wp-json\/wp\/v2\/media\/8184"}],"wp:attachment":[{"href":"https:\/\/agora.xtec.cat\/ceip-jrj\/wp-json\/wp\/v2\/media?parent=8180"}],"wp:term":[{"taxonomy":"category","embeddable":true,"href":"https:\/\/agora.xtec.cat\/ceip-jrj\/wp-json\/wp\/v2\/categories?post=8180"},{"taxonomy":"post_tag","embeddable":true,"href":"https:\/\/agora.xtec.cat\/ceip-jrj\/wp-json\/wp\/v2\/tags?post=8180"}],"curies":[{"name":"wp","href":"https:\/\/api.w.org\/{rel}","templated":true}]}}