{"id":8142,"date":"2026-04-25T15:08:29","date_gmt":"2026-04-25T13:08:29","guid":{"rendered":"https:\/\/agora.xtec.cat\/ceip-jrj\/?p=8142"},"modified":"2026-04-25T15:13:17","modified_gmt":"2026-04-25T13:13:17","slug":"el-talent-literari-del-nostre-alumnat-brilla-als-51e-premi-vila-de-martorell","status":"publish","type":"post","link":"https:\/\/agora.xtec.cat\/ceip-jrj\/general\/el-talent-literari-del-nostre-alumnat-brilla-als-51e-premi-vila-de-martorell\/","title":{"rendered":"El talent literari del nostre alumnat brilla al 51\u00e8 Premi Vila de Martorell"},"content":{"rendered":"<p data-start=\"67\" data-end=\"240\"><img loading=\"lazy\" decoding=\"async\" class=\"wp-image-8143 alignleft\" src=\"https:\/\/agora.xtec.cat\/ceip-jrj\/wp-content\/uploads\/usu280\/2026\/04\/Per-visualitzar-scaled-1.jpg\" alt=\"\" width=\"357\" height=\"502\" \/>L\u2019equip directiu de l\u2019escola ha tingut l\u2019honor d\u2019assistir al 51\u00e8 Premis Vila de Martorell, un esdeveniment destacat que reconeix el talent literari i art\u00edstic de l\u2019alumnat.<\/p>\n<p data-start=\"242\" data-end=\"572\">En aquesta edici\u00f3, volem compartir amb gran orgull que la nostra alumna <strong data-start=\"314\" data-end=\"333\">Amina Messaoudi<\/strong> ha estat guardonada en la categoria de Cicle Superior amb el seu poema <em data-start=\"405\" data-end=\"413\">La Pau<\/em>. Es tracta d\u2019un reconeixement m\u00e9s que merescut, fruit del seu esfor\u00e7, creativitat i sensibilitat a l\u2019hora d\u2019expressar emocions a trav\u00e9s de la paraula escrita.<\/p>\n<p data-start=\"574\" data-end=\"766\">Des de l\u2019escola, felicitem l\u2019Amina per aquest \u00e8xit. Volem tamb\u00e9 expressar el nostre agra\u00efment a l\u2019Ajuntament per impulsar iniciatives com els Premis Vila de Martorell, que fomenten la cultura, la creativitat i l\u2019esperit cr\u00edtic entre els joves, aportant un gran valor a la comunitat educativa.<\/p>\n<p data-start=\"1010\" data-end=\"1139\" data-is-last-node=\"\" data-is-only-node=\"\">Seguirem treballant per potenciar el talent del nostre alumnat i celebrar junts molts m\u00e9s \u00e8xits com aquest.<\/p>\n<p data-start=\"1010\" data-end=\"1139\" data-is-last-node=\"\" data-is-only-node=\"\">Enhorabona, Amina!<\/p>\n<h6><b>Per veure les fotografies, feu clic a la pestanya FOTOS\u00a0<\/b><b>(imatge de la c\u00e0mera).<\/b><\/h6>\n<h6><b>Recordeu que, per garantir la protecci\u00f3 de dades dels menors,<\/b><\/h6>\n<h6><b>haureu d\u2019introduir el codi d\u2019acc\u00e9s proporcionat<\/b><\/h6>\n","protected":false},"excerpt":{"rendered":"<p>L\u2019equip directiu de l\u2019escola ha tingut l\u2019honor d\u2019assistir als 51\u00e8 Premis Vila de Martorell, un esdeveniment destacat que reconeix el talent literari i art\u00edstic de l\u2019alumnat.&hellip;  <a href=\"https:\/\/agora.xtec.cat\/ceip-jrj\/general\/el-talent-literari-del-nostre-alumnat-brilla-als-51e-premi-vila-de-martorell\/\" title=\"Read El talent literari del nostre alumnat brilla al 51\u00e8 Premi Vila de Martorell\">Llegeix m\u00e9s\u00bb<\/a><\/p>\n","protected":false},"author":1,"featured_media":8143,"comment_status":"closed","ping_status":"closed","sticky":false,"template":"","format":"standard","meta":{"_bbp_topic_count":0,"_bbp_reply_count":0,"_bbp_total_topic_count":0,"_bbp_total_reply_count":0,"_bbp_voice_count":0,"_bbp_anonymous_reply_count":0,"_bbp_topic_count_hidden":0,"_bbp_reply_count_hidden":0,"_bbp_forum_subforum_count":0,"footnotes":""},"categories":[15,1,4,5],"tags":[],"class_list":["post-8142","post","type-post","status-publish","format-standard","has-post-thumbnail","hentry","category-6e","category-general","category-portada","category-primaria"],"post_mailing_queue_ids":[],"_links":{"self":[{"href":"https:\/\/agora.xtec.cat\/ceip-jrj\/wp-json\/wp\/v2\/posts\/8142","targetHints":{"allow":["GET"]}}],"collection":[{"href":"https:\/\/agora.xtec.cat\/ceip-jrj\/wp-json\/wp\/v2\/posts"}],"about":[{"href":"https:\/\/agora.xtec.cat\/ceip-jrj\/wp-json\/wp\/v2\/types\/post"}],"author":[{"embeddable":true,"href":"https:\/\/agora.xtec.cat\/ceip-jrj\/wp-json\/wp\/v2\/users\/1"}],"replies":[{"embeddable":true,"href":"https:\/\/agora.xtec.cat\/ceip-jrj\/wp-json\/wp\/v2\/comments?post=8142"}],"version-history":[{"count":5,"href":"https:\/\/agora.xtec.cat\/ceip-jrj\/wp-json\/wp\/v2\/posts\/8142\/revisions"}],"predecessor-version":[{"id":8149,"href":"https:\/\/agora.xtec.cat\/ceip-jrj\/wp-json\/wp\/v2\/posts\/8142\/revisions\/8149"}],"wp:featuredmedia":[{"embeddable":true,"href":"https:\/\/agora.xtec.cat\/ceip-jrj\/wp-json\/wp\/v2\/media\/8143"}],"wp:attachment":[{"href":"https:\/\/agora.xtec.cat\/ceip-jrj\/wp-json\/wp\/v2\/media?parent=8142"}],"wp:term":[{"taxonomy":"category","embeddable":true,"href":"https:\/\/agora.xtec.cat\/ceip-jrj\/wp-json\/wp\/v2\/categories?post=8142"},{"taxonomy":"post_tag","embeddable":true,"href":"https:\/\/agora.xtec.cat\/ceip-jrj\/wp-json\/wp\/v2\/tags?post=8142"}],"curies":[{"name":"wp","href":"https:\/\/api.w.org\/{rel}","templated":true}]}}