{"id":8122,"date":"2026-04-22T06:32:49","date_gmt":"2026-04-22T04:32:49","guid":{"rendered":"https:\/\/agora.xtec.cat\/ceip-jrj\/?p=8122"},"modified":"2026-04-22T06:43:42","modified_gmt":"2026-04-22T04:43:42","slug":"lafa-celebra-sant-jordi-amb-un-llibre-per-a-cada-aula","status":"publish","type":"post","link":"https:\/\/agora.xtec.cat\/ceip-jrj\/general\/lafa-celebra-sant-jordi-amb-un-llibre-per-a-cada-aula\/","title":{"rendered":"L\u2019AFA celebra Sant Jordi amb un llibre per a cada aula"},"content":{"rendered":"<p data-pm-slice=\"1 1 []\"><img loading=\"lazy\" decoding=\"async\" class=\"wp-image-8123 alignleft\" src=\"https:\/\/agora.xtec.cat\/ceip-jrj\/wp-content\/uploads\/usu280\/2026\/04\/1776792236259-scaled.jpg\" alt=\"\" width=\"253\" height=\"309\" srcset=\"https:\/\/agora.xtec.cat\/ceip-jrj\/wp-content\/uploads\/usu280\/2026\/04\/1776792236259-scaled.jpg 2096w, https:\/\/agora.xtec.cat\/ceip-jrj\/wp-content\/uploads\/usu280\/2026\/04\/1776792236259-246x300.jpg 246w, https:\/\/agora.xtec.cat\/ceip-jrj\/wp-content\/uploads\/usu280\/2026\/04\/1776792236259-838x1024.jpg 838w, https:\/\/agora.xtec.cat\/ceip-jrj\/wp-content\/uploads\/usu280\/2026\/04\/1776792236259-768x938.jpg 768w, https:\/\/agora.xtec.cat\/ceip-jrj\/wp-content\/uploads\/usu280\/2026\/04\/1776792236259-1257x1536.jpg 1257w, https:\/\/agora.xtec.cat\/ceip-jrj\/wp-content\/uploads\/usu280\/2026\/04\/1776792236259-1677x2048.jpg 1677w\" sizes=\"auto, (max-width: 253px) 100vw, 253px\" \/>Amb motiu de la diada de Sant Jordi, l\u2019AFA de l&#8217;escola ha volgut contribuir a fomentar el gust per la lectura entre l\u2019alumnat amb un gest ple de significat: fer arribar un llibre de lectura a cadascuna de les aules del centre.<img loading=\"lazy\" decoding=\"async\" class=\"wp-image-8124 alignright\" src=\"https:\/\/agora.xtec.cat\/ceip-jrj\/wp-content\/uploads\/usu280\/2026\/04\/1776792236239-scaled.jpg\" alt=\"\" width=\"208\" height=\"267\" srcset=\"https:\/\/agora.xtec.cat\/ceip-jrj\/wp-content\/uploads\/usu280\/2026\/04\/1776792236239-scaled.jpg 1993w, https:\/\/agora.xtec.cat\/ceip-jrj\/wp-content\/uploads\/usu280\/2026\/04\/1776792236239-233x300.jpg 233w, https:\/\/agora.xtec.cat\/ceip-jrj\/wp-content\/uploads\/usu280\/2026\/04\/1776792236239-797x1024.jpg 797w, https:\/\/agora.xtec.cat\/ceip-jrj\/wp-content\/uploads\/usu280\/2026\/04\/1776792236239-768x987.jpg 768w, https:\/\/agora.xtec.cat\/ceip-jrj\/wp-content\/uploads\/usu280\/2026\/04\/1776792236239-1196x1536.jpg 1196w, https:\/\/agora.xtec.cat\/ceip-jrj\/wp-content\/uploads\/usu280\/2026\/04\/1776792236239-1594x2048.jpg 1594w\" sizes=\"auto, (max-width: 208px) 100vw, 208px\" \/><\/p>\n<p>Aquest obsequi, senzill, per\u00f2 alhora molt valu\u00f3s, representa una invitaci\u00f3 a descobrir nous mons, a endinsar-se en hist\u00f2ries diverses i a continuar desenvolupant la imaginaci\u00f3 i el pensament cr\u00edtic. Cada llibre esdev\u00e9 aix\u00ed una eina compartida que enriqueix el dia a dia a l\u2019aula i afavoreix moments de lectura i aprenentatge col\u00b7lectiu.<\/p>\n<p>Des de l\u2019escola volem agrair sincerament aquesta iniciativa, que contribueix a mantenir viva l\u2019ess\u00e8ncia de Sant Jordi: la promoci\u00f3 de la cultura, les emocions i l\u2019amor pels llibres.<\/p>\n<p>Perqu\u00e8 un llibre a l\u2019aula \u00e9s molt m\u00e9s que un recurs educatiu: \u00e9s una porta oberta a la curiositat, a la creativitat i als somnis.<\/p>\n<p>Bona diada de Sant Jordi a tota la comunitat educativa!<\/p>\n<h6 style=\"text-align: center;\"><b>Per veure les fotografies, feu clic a la pestanya FOTOS\u00a0<\/b><b>(imatge de la c\u00e0mera).<\/b><\/h6>\n<h6 style=\"text-align: center;\"><b>Recordeu que, per garantir la protecci\u00f3 de dades dels menors,<\/b><\/h6>\n<h6 style=\"text-align: center;\"><b>haureu d\u2019introduir el codi d\u2019acc\u00e9s proporcionat<\/b><\/h6>\n","protected":false},"excerpt":{"rendered":"<p>Amb motiu de la diada de Sant Jordi, l\u2019AFA de l&#8217;escola ha volgut contribuir a fomentar el gust per la lectura entre l\u2019alumnat amb un gest ple de significat: fer arribar un llibre de lectura a cadascuna de les aules del centre.&hellip;  <a href=\"https:\/\/agora.xtec.cat\/ceip-jrj\/general\/lafa-celebra-sant-jordi-amb-un-llibre-per-a-cada-aula\/\" title=\"Read L\u2019AFA celebra Sant Jordi amb un llibre per a cada aula\">Llegeix m\u00e9s\u00bb<\/a><\/p>\n","protected":false},"author":1,"featured_media":8132,"comment_status":"closed","ping_status":"closed","sticky":false,"template":"","format":"standard","meta":{"_bbp_topic_count":0,"_bbp_reply_count":0,"_bbp_total_topic_count":0,"_bbp_total_reply_count":0,"_bbp_voice_count":0,"_bbp_anonymous_reply_count":0,"_bbp_topic_count_hidden":0,"_bbp_reply_count_hidden":0,"_bbp_forum_subforum_count":0,"footnotes":""},"categories":[7,1,2,4,5],"tags":[],"class_list":["post-8122","post","type-post","status-publish","format-standard","has-post-thumbnail","hentry","category-ampa","category-general","category-infantil","category-portada","category-primaria"],"post_mailing_queue_ids":[],"_links":{"self":[{"href":"https:\/\/agora.xtec.cat\/ceip-jrj\/wp-json\/wp\/v2\/posts\/8122","targetHints":{"allow":["GET"]}}],"collection":[{"href":"https:\/\/agora.xtec.cat\/ceip-jrj\/wp-json\/wp\/v2\/posts"}],"about":[{"href":"https:\/\/agora.xtec.cat\/ceip-jrj\/wp-json\/wp\/v2\/types\/post"}],"author":[{"embeddable":true,"href":"https:\/\/agora.xtec.cat\/ceip-jrj\/wp-json\/wp\/v2\/users\/1"}],"replies":[{"embeddable":true,"href":"https:\/\/agora.xtec.cat\/ceip-jrj\/wp-json\/wp\/v2\/comments?post=8122"}],"version-history":[{"count":3,"href":"https:\/\/agora.xtec.cat\/ceip-jrj\/wp-json\/wp\/v2\/posts\/8122\/revisions"}],"predecessor-version":[{"id":8130,"href":"https:\/\/agora.xtec.cat\/ceip-jrj\/wp-json\/wp\/v2\/posts\/8122\/revisions\/8130"}],"wp:featuredmedia":[{"embeddable":true,"href":"https:\/\/agora.xtec.cat\/ceip-jrj\/wp-json\/wp\/v2\/media\/8132"}],"wp:attachment":[{"href":"https:\/\/agora.xtec.cat\/ceip-jrj\/wp-json\/wp\/v2\/media?parent=8122"}],"wp:term":[{"taxonomy":"category","embeddable":true,"href":"https:\/\/agora.xtec.cat\/ceip-jrj\/wp-json\/wp\/v2\/categories?post=8122"},{"taxonomy":"post_tag","embeddable":true,"href":"https:\/\/agora.xtec.cat\/ceip-jrj\/wp-json\/wp\/v2\/tags?post=8122"}],"curies":[{"name":"wp","href":"https:\/\/api.w.org\/{rel}","templated":true}]}}