{"id":8115,"date":"2026-04-17T18:00:13","date_gmt":"2026-04-17T16:00:13","guid":{"rendered":"https:\/\/agora.xtec.cat\/ceip-jrj\/?p=8115"},"modified":"2026-04-17T16:22:49","modified_gmt":"2026-04-17T14:22:49","slug":"6e-participa-al-defc-esport-i-convivencia-al-carrer","status":"publish","type":"post","link":"https:\/\/agora.xtec.cat\/ceip-jrj\/general\/6e-participa-al-defc-esport-i-convivencia-al-carrer\/","title":{"rendered":"6\u00e8 participa al DEFC: esport i conviv\u00e8ncia al carrer"},"content":{"rendered":"<p data-start=\"73\" data-end=\"281\"><img loading=\"lazy\" decoding=\"async\" class=\"wp-image-8117 alignleft\" src=\"https:\/\/agora.xtec.cat\/ceip-jrj\/wp-content\/uploads\/usu280\/2026\/04\/Diseno-sin-titulo-30.png\" alt=\"\" width=\"288\" height=\"204\" srcset=\"https:\/\/agora.xtec.cat\/ceip-jrj\/wp-content\/uploads\/usu280\/2026\/04\/Diseno-sin-titulo-30.png 1500w, https:\/\/agora.xtec.cat\/ceip-jrj\/wp-content\/uploads\/usu280\/2026\/04\/Diseno-sin-titulo-30-300x212.png 300w, https:\/\/agora.xtec.cat\/ceip-jrj\/wp-content\/uploads\/usu280\/2026\/04\/Diseno-sin-titulo-30-1024x724.png 1024w, https:\/\/agora.xtec.cat\/ceip-jrj\/wp-content\/uploads\/usu280\/2026\/04\/Diseno-sin-titulo-30-768x543.png 768w\" sizes=\"auto, (max-width: 288px) 100vw, 288px\" \/>Ahir, l\u2019alumnat de sis\u00e8 de l\u2019Escola Juan Ram\u00f3n Jim\u00e9nez va participar en el DEFC (Dia de l\u2019Educaci\u00f3 F\u00edsica al Carrer), una jornada dedicada a promoure l\u2019activitat f\u00edsica i els h\u00e0bits saludables.<\/p>\n<p data-start=\"283\" data-end=\"503\">Durant el mat\u00ed, els i les alumnes van gaudir de diverses activitats esportives a l\u2019aire lliure, on van poder posar en pr\u00e0ctica valors com el treball en equip, el respecte i la conviv\u00e8ncia en un entorn diferent i din\u00e0mic.<\/p>\n<p data-start=\"505\" data-end=\"684\">La jornada tamb\u00e9 va comptar amb la visita de l\u2019alcalde i de les regidores del municipi, que van voler acompanyar l\u2019alumnat i con\u00e8ixer de prop el desenvolupament de les activitats.<\/p>\n<p data-start=\"686\" data-end=\"833\">Sens dubte, va ser una experi\u00e8ncia molt enriquidora i significativa per a tothom, que refor\u00e7a la import\u00e0ncia de l\u2019activitat f\u00edsica en el dia a dia.<\/p>\n<p data-start=\"686\" data-end=\"833\">\n<h6 style=\"text-align: center;\"><b>Per veure les fotografies, feu clic a la pestanya FOTOS\u00a0<\/b><b>(imatge de la c\u00e0mera).<\/b><\/h6>\n<h6 style=\"text-align: center;\"><b>Recordeu que, per garantir la protecci\u00f3 de dades dels menors,<\/b><\/h6>\n<h6 style=\"text-align: center;\"><b>haureu d\u2019introduir el codi d\u2019acc\u00e9s proporcionat<\/b><\/h6>\n","protected":false},"excerpt":{"rendered":"<p>L\u2019alumnat de 6\u00e8 va participar al DEFC amb activitats esportives al carrer, fomentant h\u00e0bits saludables i valors com el treball en equip i la conviv\u00e8ncia.&hellip;  <a href=\"https:\/\/agora.xtec.cat\/ceip-jrj\/general\/6e-participa-al-defc-esport-i-convivencia-al-carrer\/\" title=\"Read 6\u00e8 participa al DEFC: esport i conviv\u00e8ncia al carrer\">Llegeix m\u00e9s\u00bb<\/a><\/p>\n","protected":false},"author":1,"featured_media":8116,"comment_status":"closed","ping_status":"closed","sticky":false,"template":"","format":"standard","meta":{"_bbp_topic_count":0,"_bbp_reply_count":0,"_bbp_total_topic_count":0,"_bbp_total_reply_count":0,"_bbp_voice_count":0,"_bbp_anonymous_reply_count":0,"_bbp_topic_count_hidden":0,"_bbp_reply_count_hidden":0,"_bbp_forum_subforum_count":0,"footnotes":""},"categories":[15,1,4,5],"tags":[],"class_list":["post-8115","post","type-post","status-publish","format-standard","has-post-thumbnail","hentry","category-6e","category-general","category-portada","category-primaria"],"post_mailing_queue_ids":[],"_links":{"self":[{"href":"https:\/\/agora.xtec.cat\/ceip-jrj\/wp-json\/wp\/v2\/posts\/8115","targetHints":{"allow":["GET"]}}],"collection":[{"href":"https:\/\/agora.xtec.cat\/ceip-jrj\/wp-json\/wp\/v2\/posts"}],"about":[{"href":"https:\/\/agora.xtec.cat\/ceip-jrj\/wp-json\/wp\/v2\/types\/post"}],"author":[{"embeddable":true,"href":"https:\/\/agora.xtec.cat\/ceip-jrj\/wp-json\/wp\/v2\/users\/1"}],"replies":[{"embeddable":true,"href":"https:\/\/agora.xtec.cat\/ceip-jrj\/wp-json\/wp\/v2\/comments?post=8115"}],"version-history":[{"count":1,"href":"https:\/\/agora.xtec.cat\/ceip-jrj\/wp-json\/wp\/v2\/posts\/8115\/revisions"}],"predecessor-version":[{"id":8118,"href":"https:\/\/agora.xtec.cat\/ceip-jrj\/wp-json\/wp\/v2\/posts\/8115\/revisions\/8118"}],"wp:featuredmedia":[{"embeddable":true,"href":"https:\/\/agora.xtec.cat\/ceip-jrj\/wp-json\/wp\/v2\/media\/8116"}],"wp:attachment":[{"href":"https:\/\/agora.xtec.cat\/ceip-jrj\/wp-json\/wp\/v2\/media?parent=8115"}],"wp:term":[{"taxonomy":"category","embeddable":true,"href":"https:\/\/agora.xtec.cat\/ceip-jrj\/wp-json\/wp\/v2\/categories?post=8115"},{"taxonomy":"post_tag","embeddable":true,"href":"https:\/\/agora.xtec.cat\/ceip-jrj\/wp-json\/wp\/v2\/tags?post=8115"}],"curies":[{"name":"wp","href":"https:\/\/api.w.org\/{rel}","templated":true}]}}