{"id":8108,"date":"2026-04-17T16:35:02","date_gmt":"2026-04-17T14:35:02","guid":{"rendered":"https:\/\/agora.xtec.cat\/ceip-jrj\/?p=8108"},"modified":"2026-04-17T16:16:39","modified_gmt":"2026-04-17T14:16:39","slug":"colonies-a-can-miquelo","status":"publish","type":"post","link":"https:\/\/agora.xtec.cat\/ceip-jrj\/general\/colonies-a-can-miquelo\/","title":{"rendered":"Col\u00f2nies a Can Miquel\u00f3"},"content":{"rendered":"<p style=\"text-align: justify;\"><img loading=\"lazy\" decoding=\"async\" class=\"wp-image-8109 alignleft\" src=\"https:\/\/agora.xtec.cat\/ceip-jrj\/wp-content\/uploads\/usu280\/2026\/04\/20260414_112214-scaled.jpg\" alt=\"\" width=\"321\" height=\"148\" srcset=\"https:\/\/agora.xtec.cat\/ceip-jrj\/wp-content\/uploads\/usu280\/2026\/04\/20260414_112214-scaled.jpg 2560w, https:\/\/agora.xtec.cat\/ceip-jrj\/wp-content\/uploads\/usu280\/2026\/04\/20260414_112214-300x139.jpg 300w, https:\/\/agora.xtec.cat\/ceip-jrj\/wp-content\/uploads\/usu280\/2026\/04\/20260414_112214-1024x473.jpg 1024w, https:\/\/agora.xtec.cat\/ceip-jrj\/wp-content\/uploads\/usu280\/2026\/04\/20260414_112214-768x355.jpg 768w, https:\/\/agora.xtec.cat\/ceip-jrj\/wp-content\/uploads\/usu280\/2026\/04\/20260414_112214-1536x710.jpg 1536w, https:\/\/agora.xtec.cat\/ceip-jrj\/wp-content\/uploads\/usu280\/2026\/04\/20260414_112214-2048x946.jpg 2048w\" sizes=\"auto, (max-width: 321px) 100vw, 321px\" \/>Els infants d\u2019I5 i de 2n han viscut uns dies de col\u00f2nies a Can Miquel\u00f3 plens d\u2019aprenentatges, emocions i experi\u00e8ncies compartides que recordaran per sempre.\u00a0Envoltats de natura, han pogut gaudir d\u2019un entorn privilegiat on han jugat, explorat i descobert nous racons mentre compartien estones \u00faniques amb els seus companys i companyes.<\/p>\n<p style=\"text-align: justify;\">Durant aquests dies, tamb\u00e9 s\u2019han endinsat en el fascinant m\u00f3n de l\u2019univers, aprenent curiositats sobre els planetes, les estrelles i tot all\u00f2 que ens envolta m\u00e9s enll\u00e0 del nostre cel. Ho han fet a trav\u00e9s d\u2019activitats engrescadores que han despertat la seva curiositat i les ganes de continuar aprenent.<\/p>\n<p style=\"text-align: justify;\">M\u00e9s enll\u00e0 de les activitats, les col\u00f2nies han estat una gran oportunitat per conviure tots junts, refor\u00e7ar vincles, ajudar-se els uns als altres i cr\u00e9ixer en autonomia.\u00a0Compartir habitacions, \u00e0pats, jocs i rialles fa que aquests dies es converteixin en moments molt especials que deixen petjada.<\/p>\n<p style=\"text-align: justify;\">Sens dubte, tornen a casa amb la motxilla plena de records, somriures i viv\u00e8ncies que els acompanyaran sempre.<\/p>\n<p>&nbsp;<\/p>\n<h6 style=\"text-align: center;\"><b>Per veure les fotografies, feu clic a la pestanya FOTOS\u00a0<\/b><b>(imatge de la c\u00e0mera).<\/b><\/h6>\n<h6 style=\"text-align: center;\"><b>Recordeu que, per garantir la protecci\u00f3 de dades dels menors,<\/b><\/h6>\n<h6 style=\"text-align: center;\"><b>haureu d\u2019introduir el codi d\u2019acc\u00e9s proporcionat<\/b><\/h6>\n","protected":false},"excerpt":{"rendered":"<p>Els infants d\u2019I5 i 2n han gaudit d\u2019unes col\u00f2nies a Can Miquel\u00f3 plenes d\u2019aprenentatges, conviv\u00e8ncia i descobertes sobre l\u2019univers, en un entorn natural privilegiat.&hellip;  <a href=\"https:\/\/agora.xtec.cat\/ceip-jrj\/general\/colonies-a-can-miquelo\/\" title=\"Read Col\u00f2nies a Can Miquel\u00f3\">Llegeix m\u00e9s\u00bb<\/a><\/p>\n","protected":false},"author":1,"featured_media":8112,"comment_status":"closed","ping_status":"closed","sticky":false,"template":"","format":"standard","meta":{"_bbp_topic_count":0,"_bbp_reply_count":0,"_bbp_total_topic_count":0,"_bbp_total_reply_count":0,"_bbp_voice_count":0,"_bbp_anonymous_reply_count":0,"_bbp_topic_count_hidden":0,"_bbp_reply_count_hidden":0,"_bbp_forum_subforum_count":0,"footnotes":""},"categories":[11,1,2,9,4,5],"tags":[],"class_list":["post-8108","post","type-post","status-publish","format-standard","has-post-thumbnail","hentry","category-2n","category-general","category-infantil","category-p5","category-portada","category-primaria"],"post_mailing_queue_ids":[],"_links":{"self":[{"href":"https:\/\/agora.xtec.cat\/ceip-jrj\/wp-json\/wp\/v2\/posts\/8108","targetHints":{"allow":["GET"]}}],"collection":[{"href":"https:\/\/agora.xtec.cat\/ceip-jrj\/wp-json\/wp\/v2\/posts"}],"about":[{"href":"https:\/\/agora.xtec.cat\/ceip-jrj\/wp-json\/wp\/v2\/types\/post"}],"author":[{"embeddable":true,"href":"https:\/\/agora.xtec.cat\/ceip-jrj\/wp-json\/wp\/v2\/users\/1"}],"replies":[{"embeddable":true,"href":"https:\/\/agora.xtec.cat\/ceip-jrj\/wp-json\/wp\/v2\/comments?post=8108"}],"version-history":[{"count":1,"href":"https:\/\/agora.xtec.cat\/ceip-jrj\/wp-json\/wp\/v2\/posts\/8108\/revisions"}],"predecessor-version":[{"id":8113,"href":"https:\/\/agora.xtec.cat\/ceip-jrj\/wp-json\/wp\/v2\/posts\/8108\/revisions\/8113"}],"wp:featuredmedia":[{"embeddable":true,"href":"https:\/\/agora.xtec.cat\/ceip-jrj\/wp-json\/wp\/v2\/media\/8112"}],"wp:attachment":[{"href":"https:\/\/agora.xtec.cat\/ceip-jrj\/wp-json\/wp\/v2\/media?parent=8108"}],"wp:term":[{"taxonomy":"category","embeddable":true,"href":"https:\/\/agora.xtec.cat\/ceip-jrj\/wp-json\/wp\/v2\/categories?post=8108"},{"taxonomy":"post_tag","embeddable":true,"href":"https:\/\/agora.xtec.cat\/ceip-jrj\/wp-json\/wp\/v2\/tags?post=8108"}],"curies":[{"name":"wp","href":"https:\/\/api.w.org\/{rel}","templated":true}]}}