{"id":8103,"date":"2026-04-12T21:06:32","date_gmt":"2026-04-12T19:06:32","guid":{"rendered":"https:\/\/agora.xtec.cat\/ceip-jrj\/?p=8103"},"modified":"2026-04-12T21:06:32","modified_gmt":"2026-04-12T19:06:32","slug":"quan-el-futbol-es-converteix-en-comunitat-una-jornada-per-recordar","status":"publish","type":"post","link":"https:\/\/agora.xtec.cat\/ceip-jrj\/general\/quan-el-futbol-es-converteix-en-comunitat-una-jornada-per-recordar\/","title":{"rendered":"Quan el futbol es converteix en comunitat: una jornada per recordar"},"content":{"rendered":"<p data-pm-slice=\"1 1 []\"><img loading=\"lazy\" decoding=\"async\" class=\"wp-image-8104 alignright\" src=\"https:\/\/agora.xtec.cat\/ceip-jrj\/wp-content\/uploads\/usu280\/2026\/04\/1775992735720-1-scaled.jpg\" alt=\"\" width=\"165\" height=\"286\" srcset=\"https:\/\/agora.xtec.cat\/ceip-jrj\/wp-content\/uploads\/usu280\/2026\/04\/1775992735720-1-scaled.jpg 1473w, https:\/\/agora.xtec.cat\/ceip-jrj\/wp-content\/uploads\/usu280\/2026\/04\/1775992735720-1-173x300.jpg 173w, https:\/\/agora.xtec.cat\/ceip-jrj\/wp-content\/uploads\/usu280\/2026\/04\/1775992735720-1-589x1024.jpg 589w, https:\/\/agora.xtec.cat\/ceip-jrj\/wp-content\/uploads\/usu280\/2026\/04\/1775992735720-1-768x1335.jpg 768w, https:\/\/agora.xtec.cat\/ceip-jrj\/wp-content\/uploads\/usu280\/2026\/04\/1775992735720-1-884x1536.jpg 884w, https:\/\/agora.xtec.cat\/ceip-jrj\/wp-content\/uploads\/usu280\/2026\/04\/1775992735720-1-1179x2048.jpg 1179w\" sizes=\"auto, (max-width: 165px) 100vw, 165px\" \/>El passat diumenge 12, l\u2019escola va viure una jornada molt especial amb la participaci\u00f3 de quatre equips de 6\u00e8 al torneig Cruyff Courts. M\u00e9s enll\u00e0 de la\u00a0competici\u00f3\u00a0esportiva, la trobada es va convertir en una experi\u00e8ncia compartida plena de valors, emocions i, sobretot, de suport a l\u2019alumnat.<\/p>\n<p>Els equips van demostrar que el futbol \u00e9s molt m\u00e9s que un joc. Il\u00b7lusi\u00f3, esfor\u00e7, respecte i una gran energia van ser presents en cada moment. La jornada va posar especialment en valor la for\u00e7a de la comunitat educativa. El suport constant de les fam\u00edlies, la implicaci\u00f3 dels mestres i l\u2019entusiasme dels infants van crear un ambient \u00fanic, on cada participant es va sentir acompanyat, reconegut i part d\u2019un projecte compartit.<\/p>\n<p>Aquesta experi\u00e8ncia ens recorda que competir tamb\u00e9 \u00e9s compartir i cr\u00e9ixer, i que els records que es generen en contextos com aquest perduren en el temps.<\/p>\n<h6 style=\"text-align: center;\"><b>Per veure les fotografies, feu clic a la pestanya FOTOS\u00a0<\/b><b>(imatge de la c\u00e0mera).<\/b><\/h6>\n<h6 style=\"text-align: center;\"><b>Recordeu que, per garantir la protecci\u00f3 de dades dels menors,<\/b><\/h6>\n<h6 style=\"text-align: center;\"><b>haureu d\u2019introduir el codi d\u2019acc\u00e9s proporcionat<\/b><\/h6>\n","protected":false},"excerpt":{"rendered":"<p>El passat diumenge 12, l\u2019escola va viure una jornada molt especial amb la participaci\u00f3 de quatre equips de 6\u00e8 al torneig Cruyff Courts. M\u00e9s enll\u00e0 de la\u00a0competici\u00f3\u00a0esportiva, la trobada es va convertir en una experi\u00e8ncia compartida plena de valors, emocions i, sobretot, de suport a l\u2019alumnat.&hellip;  <a href=\"https:\/\/agora.xtec.cat\/ceip-jrj\/general\/quan-el-futbol-es-converteix-en-comunitat-una-jornada-per-recordar\/\" title=\"Read Quan el futbol es converteix en comunitat: una jornada per recordar\">Llegeix m\u00e9s\u00bb<\/a><\/p>\n","protected":false},"author":1,"featured_media":8105,"comment_status":"closed","ping_status":"closed","sticky":false,"template":"","format":"standard","meta":{"_bbp_topic_count":0,"_bbp_reply_count":0,"_bbp_total_topic_count":0,"_bbp_total_reply_count":0,"_bbp_voice_count":0,"_bbp_anonymous_reply_count":0,"_bbp_topic_count_hidden":0,"_bbp_reply_count_hidden":0,"_bbp_forum_subforum_count":0,"footnotes":""},"categories":[15,1,4,5],"tags":[],"class_list":["post-8103","post","type-post","status-publish","format-standard","has-post-thumbnail","hentry","category-6e","category-general","category-portada","category-primaria"],"post_mailing_queue_ids":[],"_links":{"self":[{"href":"https:\/\/agora.xtec.cat\/ceip-jrj\/wp-json\/wp\/v2\/posts\/8103","targetHints":{"allow":["GET"]}}],"collection":[{"href":"https:\/\/agora.xtec.cat\/ceip-jrj\/wp-json\/wp\/v2\/posts"}],"about":[{"href":"https:\/\/agora.xtec.cat\/ceip-jrj\/wp-json\/wp\/v2\/types\/post"}],"author":[{"embeddable":true,"href":"https:\/\/agora.xtec.cat\/ceip-jrj\/wp-json\/wp\/v2\/users\/1"}],"replies":[{"embeddable":true,"href":"https:\/\/agora.xtec.cat\/ceip-jrj\/wp-json\/wp\/v2\/comments?post=8103"}],"version-history":[{"count":1,"href":"https:\/\/agora.xtec.cat\/ceip-jrj\/wp-json\/wp\/v2\/posts\/8103\/revisions"}],"predecessor-version":[{"id":8106,"href":"https:\/\/agora.xtec.cat\/ceip-jrj\/wp-json\/wp\/v2\/posts\/8103\/revisions\/8106"}],"wp:featuredmedia":[{"embeddable":true,"href":"https:\/\/agora.xtec.cat\/ceip-jrj\/wp-json\/wp\/v2\/media\/8105"}],"wp:attachment":[{"href":"https:\/\/agora.xtec.cat\/ceip-jrj\/wp-json\/wp\/v2\/media?parent=8103"}],"wp:term":[{"taxonomy":"category","embeddable":true,"href":"https:\/\/agora.xtec.cat\/ceip-jrj\/wp-json\/wp\/v2\/categories?post=8103"},{"taxonomy":"post_tag","embeddable":true,"href":"https:\/\/agora.xtec.cat\/ceip-jrj\/wp-json\/wp\/v2\/tags?post=8103"}],"curies":[{"name":"wp","href":"https:\/\/api.w.org\/{rel}","templated":true}]}}