{"id":8095,"date":"2026-04-11T13:34:37","date_gmt":"2026-04-11T11:34:37","guid":{"rendered":"https:\/\/agora.xtec.cat\/ceip-jrj\/?p=8095"},"modified":"2026-04-11T13:37:19","modified_gmt":"2026-04-11T11:37:19","slug":"veus-que-connecten-el-projecte-que-ha-fet-parlar-tota-lescola","status":"publish","type":"post","link":"https:\/\/agora.xtec.cat\/ceip-jrj\/general\/veus-que-connecten-el-projecte-que-ha-fet-parlar-tota-lescola\/","title":{"rendered":"Veus que connecten: el projecte que ha fet parlar tota l\u2019escola"},"content":{"rendered":"<p data-pm-slice=\"1 1 []\"><img loading=\"lazy\" decoding=\"async\" class=\"wp-image-8096 alignleft\" src=\"https:\/\/agora.xtec.cat\/ceip-jrj\/wp-content\/uploads\/usu280\/2026\/04\/20260305_091812.jpg\" alt=\"\" width=\"338\" height=\"177\" srcset=\"https:\/\/agora.xtec.cat\/ceip-jrj\/wp-content\/uploads\/usu280\/2026\/04\/20260305_091812.jpg 2180w, https:\/\/agora.xtec.cat\/ceip-jrj\/wp-content\/uploads\/usu280\/2026\/04\/20260305_091812-300x157.jpg 300w, https:\/\/agora.xtec.cat\/ceip-jrj\/wp-content\/uploads\/usu280\/2026\/04\/20260305_091812-1024x535.jpg 1024w, https:\/\/agora.xtec.cat\/ceip-jrj\/wp-content\/uploads\/usu280\/2026\/04\/20260305_091812-768x402.jpg 768w, https:\/\/agora.xtec.cat\/ceip-jrj\/wp-content\/uploads\/usu280\/2026\/04\/20260305_091812-1536x803.jpg 1536w, https:\/\/agora.xtec.cat\/ceip-jrj\/wp-content\/uploads\/usu280\/2026\/04\/20260305_091812-2048x1071.jpg 2048w\" sizes=\"auto, (max-width: 338px) 100vw, 338px\" \/>Hem posat punt final a la formaci\u00f3 en r\u00e0dio i p\u00f2dcast del projecte <em>La C\u00e0psula<\/em>, una experi\u00e8ncia enriquidora que ha perm\u00e8s a l\u2019alumnat i al professorat endinsar-se en el m\u00f3n de la comunicaci\u00f3 d\u2019una manera creativa i participativa.<\/p>\n<p>Al llarg de les sessions, i de la m\u00e0 d\u2019en Mart\u00ed Cuixart, infants i mestres han descobert les claus per construir un relat, treballar la veu, estructurar continguts i donar forma a programes propis. M\u00e9s enll\u00e0 de la t\u00e8cnica, la formaci\u00f3 ha estat una oportunitat per aprendre a escoltar, expressar idees amb claredat i treballar en equip.<img loading=\"lazy\" decoding=\"async\" class=\"wp-image-8097 alignright\" src=\"https:\/\/agora.xtec.cat\/ceip-jrj\/wp-content\/uploads\/usu280\/2026\/04\/1770213159285.jpg\" alt=\"\" width=\"229\" height=\"252\" srcset=\"https:\/\/agora.xtec.cat\/ceip-jrj\/wp-content\/uploads\/usu280\/2026\/04\/1770213159285.jpg 1312w, https:\/\/agora.xtec.cat\/ceip-jrj\/wp-content\/uploads\/usu280\/2026\/04\/1770213159285-273x300.jpg 273w, https:\/\/agora.xtec.cat\/ceip-jrj\/wp-content\/uploads\/usu280\/2026\/04\/1770213159285-930x1024.jpg 930w, https:\/\/agora.xtec.cat\/ceip-jrj\/wp-content\/uploads\/usu280\/2026\/04\/1770213159285-768x845.jpg 768w\" sizes=\"auto, (max-width: 229px) 100vw, 229px\" \/><\/p>\n<p>El resultat ha estat una col\u00b7lecci\u00f3 de programes de r\u00e0dio i p\u00f2dcasts que reflecteixen la creativitat, l\u2019esfor\u00e7 i la diversitat de mirades dels diferents grups que hi han participat. Cada producci\u00f3 \u00e9s una mostra del proc\u00e9s d\u2019aprenentatge viscut i del potencial comunicatiu que s\u2019ha despertat durant el projecte.<\/p>\n<p>Amb aquesta iniciativa, l\u2019escola continua apostant per metodologies actives i projectes que fomenten la creativitat, l\u2019expressi\u00f3 i les compet\u00e8ncies comunicatives de tota la comunitat educativa. Sens dubte, una experi\u00e8ncia que deixa empremta i que obre la porta a noves maneres d\u2019aprendre i de comunicar.<\/p>\n<h6 style=\"text-align: left;\"><b>Per veure les fotografies, feu clic a la pestanya FOTOS\u00a0<\/b><b>(imatge de la c\u00e0mera).<\/b><\/h6>\n<h6 style=\"text-align: left;\"><b>Recordeu que, per garantir la protecci\u00f3 de dades dels menors,<\/b><\/h6>\n<h6 style=\"text-align: left;\"><b>haureu d\u2019introduir el codi d\u2019acc\u00e9s proporcionat<\/b><\/h6>\n","protected":false},"excerpt":{"rendered":"<p>Hem posat punt final a la formaci\u00f3 en r\u00e0dio i p\u00f2dcast del projecte La C\u00e0psula, una experi\u00e8ncia enriquidora que ha perm\u00e8s a l\u2019alumnat i al professorat endinsar-se en el m\u00f3n de la comunicaci\u00f3 d\u2019una manera creativa i participativa.&hellip;  <a href=\"https:\/\/agora.xtec.cat\/ceip-jrj\/general\/veus-que-connecten-el-projecte-que-ha-fet-parlar-tota-lescola\/\" title=\"Read Veus que connecten: el projecte que ha fet parlar tota l\u2019escola\">Llegeix m\u00e9s\u00bb<\/a><\/p>\n","protected":false},"author":1,"featured_media":8099,"comment_status":"open","ping_status":"open","sticky":false,"template":"","format":"standard","meta":{"_bbp_topic_count":0,"_bbp_reply_count":0,"_bbp_total_topic_count":0,"_bbp_total_reply_count":0,"_bbp_voice_count":0,"_bbp_anonymous_reply_count":0,"_bbp_topic_count_hidden":0,"_bbp_reply_count_hidden":0,"_bbp_forum_subforum_count":0,"footnotes":""},"categories":[54,1,2,4,5],"tags":[],"class_list":["post-8095","post","type-post","status-publish","format-standard","has-post-thumbnail","hentry","category-espai-pedagogic-jrj","category-general","category-infantil","category-portada","category-primaria"],"post_mailing_queue_ids":[],"_links":{"self":[{"href":"https:\/\/agora.xtec.cat\/ceip-jrj\/wp-json\/wp\/v2\/posts\/8095","targetHints":{"allow":["GET"]}}],"collection":[{"href":"https:\/\/agora.xtec.cat\/ceip-jrj\/wp-json\/wp\/v2\/posts"}],"about":[{"href":"https:\/\/agora.xtec.cat\/ceip-jrj\/wp-json\/wp\/v2\/types\/post"}],"author":[{"embeddable":true,"href":"https:\/\/agora.xtec.cat\/ceip-jrj\/wp-json\/wp\/v2\/users\/1"}],"replies":[{"embeddable":true,"href":"https:\/\/agora.xtec.cat\/ceip-jrj\/wp-json\/wp\/v2\/comments?post=8095"}],"version-history":[{"count":3,"href":"https:\/\/agora.xtec.cat\/ceip-jrj\/wp-json\/wp\/v2\/posts\/8095\/revisions"}],"predecessor-version":[{"id":8101,"href":"https:\/\/agora.xtec.cat\/ceip-jrj\/wp-json\/wp\/v2\/posts\/8095\/revisions\/8101"}],"wp:featuredmedia":[{"embeddable":true,"href":"https:\/\/agora.xtec.cat\/ceip-jrj\/wp-json\/wp\/v2\/media\/8099"}],"wp:attachment":[{"href":"https:\/\/agora.xtec.cat\/ceip-jrj\/wp-json\/wp\/v2\/media?parent=8095"}],"wp:term":[{"taxonomy":"category","embeddable":true,"href":"https:\/\/agora.xtec.cat\/ceip-jrj\/wp-json\/wp\/v2\/categories?post=8095"},{"taxonomy":"post_tag","embeddable":true,"href":"https:\/\/agora.xtec.cat\/ceip-jrj\/wp-json\/wp\/v2\/tags?post=8095"}],"curies":[{"name":"wp","href":"https:\/\/api.w.org\/{rel}","templated":true}]}}