{"id":8054,"date":"2026-03-13T21:14:45","date_gmt":"2026-03-13T20:14:45","guid":{"rendered":"https:\/\/agora.xtec.cat\/ceip-jrj\/?p=8054"},"modified":"2026-03-13T21:14:45","modified_gmt":"2026-03-13T20:14:45","slug":"quan-les-matematiques-surten-a-jugar-al-pati","status":"publish","type":"post","link":"https:\/\/agora.xtec.cat\/ceip-jrj\/general\/quan-les-matematiques-surten-a-jugar-al-pati\/","title":{"rendered":"Quan les matem\u00e0tiques surten a jugar al pati"},"content":{"rendered":"<p data-pm-slice=\"1 1 []\"><img loading=\"lazy\" decoding=\"async\" class=\" wp-image-8056 alignleft\" src=\"https:\/\/agora.xtec.cat\/ceip-jrj\/wp-content\/uploads\/usu280\/2026\/03\/Sin-titulo-1.png\" alt=\"\" width=\"296\" height=\"186\" srcset=\"https:\/\/agora.xtec.cat\/ceip-jrj\/wp-content\/uploads\/usu280\/2026\/03\/Sin-titulo-1.png 368w, https:\/\/agora.xtec.cat\/ceip-jrj\/wp-content\/uploads\/usu280\/2026\/03\/Sin-titulo-1-300x189.png 300w\" sizes=\"auto, (max-width: 296px) 100vw, 296px\" \/>Amb motiu del <strong>Dia Internacional de les Matem\u00e0tiques<\/strong>, a l\u2019escola hem volgut aprofitar l\u2019hora del pati per apropar aquesta disciplina als infants d\u2019una manera diferent: jugant, experimentant i compartint reptes.<\/p>\n<p>Durant l\u2019estona d\u2019esbarjo, l\u2019alumnat ha pogut participar de manera volunt\u00e0ria en diferents propostes matem\u00e0tiques repartides a la zona del pati \u00c0gora. A trav\u00e9s de jocs i materials manipulatius, els infants han posat en pr\u00e0ctica habilitats com el raonament l\u00f2gic, el pensament espacial, l\u2019estrat\u00e8gia i l\u2019observaci\u00f3.<\/p>\n<p>Entre les activitats que s\u2019han pogut trobar hi havia el Jenga, que convidava a treballar la concentraci\u00f3 i l\u2019estrat\u00e8gia; els reptes amb el cub Soma, que posaven a prova el pensament tridimensional i l\u2019activitat d\u2019empremta num\u00e8rica, per descobrir patrons i relacions entre nombres.<img loading=\"lazy\" decoding=\"async\" class=\"wp-image-8055 alignright\" src=\"https:\/\/agora.xtec.cat\/ceip-jrj\/wp-content\/uploads\/usu280\/2026\/03\/1773425625591-scaled-e1773432159658.jpg\" alt=\"\" width=\"328\" height=\"229\" srcset=\"https:\/\/agora.xtec.cat\/ceip-jrj\/wp-content\/uploads\/usu280\/2026\/03\/1773425625591-scaled-e1773432159658.jpg 2278w, https:\/\/agora.xtec.cat\/ceip-jrj\/wp-content\/uploads\/usu280\/2026\/03\/1773425625591-scaled-e1773432159658-300x209.jpg 300w, https:\/\/agora.xtec.cat\/ceip-jrj\/wp-content\/uploads\/usu280\/2026\/03\/1773425625591-scaled-e1773432159658-1024x715.jpg 1024w, https:\/\/agora.xtec.cat\/ceip-jrj\/wp-content\/uploads\/usu280\/2026\/03\/1773425625591-scaled-e1773432159658-768x536.jpg 768w, https:\/\/agora.xtec.cat\/ceip-jrj\/wp-content\/uploads\/usu280\/2026\/03\/1773425625591-scaled-e1773432159658-1536x1072.jpg 1536w, https:\/\/agora.xtec.cat\/ceip-jrj\/wp-content\/uploads\/usu280\/2026\/03\/1773425625591-scaled-e1773432159658-2048x1429.jpg 2048w\" sizes=\"auto, (max-width: 328px) 100vw, 328px\" \/><\/p>\n<p>Tamb\u00e9 van descobrir la m\u00e0gia del calidoscopi gr\u00e0cies als miralls de simetria Montessori i\u00a0 diferents figures geom\u00e8triques, que han perm\u00e8s observar i crear composicions plenes de simetries i formes sorprenents.<\/p>\n<p>En aquest dia tan especial hem tingut el suport de la mentora del programa PCMAT, la Linet G\u00e0lvez, que ha col\u00b7laborat en l\u2019organitzaci\u00f3 i dinamitzaci\u00f3 de les activitats.<\/p>\n<p>Aquesta iniciativa vol fomentar una mirada positiva cap a les matem\u00e0tiques i afavorir el desenvolupament del pensament matem\u00e0tic en contextos significatius i motivadors pel nostre alumnat.<\/p>\n<h6 style=\"text-align: center;\"><b>Per veure les fotografies, feu clic a la pestanya FOTOS\u00a0<\/b><b>(imatge de la c\u00e0mera).<\/b><\/h6>\n<h6 style=\"text-align: center;\"><b>Recordeu que, per garantir la protecci\u00f3 de dades dels menors,<\/b><\/h6>\n<h6 style=\"text-align: center;\"><b>haureu d\u2019introduir el codi d\u2019acc\u00e9s proporcionat<\/b><\/h6>\n","protected":false},"excerpt":{"rendered":"<p>Amb motiu del Dia Internacional de les Matem\u00e0tiques, a l\u2019escola hem volgut aprofitar l\u2019hora del pati per apropar aquesta disciplina als infants d\u2019una manera diferent: jugant, experimentant i compartint reptes.&hellip;  <a href=\"https:\/\/agora.xtec.cat\/ceip-jrj\/general\/quan-les-matematiques-surten-a-jugar-al-pati\/\" title=\"Read Quan les matem\u00e0tiques surten a jugar al pati\">Llegeix m\u00e9s\u00bb<\/a><\/p>\n","protected":false},"author":1,"featured_media":8060,"comment_status":"closed","ping_status":"closed","sticky":false,"template":"","format":"standard","meta":{"_bbp_topic_count":0,"_bbp_reply_count":0,"_bbp_total_topic_count":0,"_bbp_total_reply_count":0,"_bbp_voice_count":0,"_bbp_anonymous_reply_count":0,"_bbp_topic_count_hidden":0,"_bbp_reply_count_hidden":0,"_bbp_forum_subforum_count":0,"footnotes":""},"categories":[1,4,5],"tags":[],"class_list":["post-8054","post","type-post","status-publish","format-standard","has-post-thumbnail","hentry","category-general","category-portada","category-primaria"],"post_mailing_queue_ids":[],"_links":{"self":[{"href":"https:\/\/agora.xtec.cat\/ceip-jrj\/wp-json\/wp\/v2\/posts\/8054","targetHints":{"allow":["GET"]}}],"collection":[{"href":"https:\/\/agora.xtec.cat\/ceip-jrj\/wp-json\/wp\/v2\/posts"}],"about":[{"href":"https:\/\/agora.xtec.cat\/ceip-jrj\/wp-json\/wp\/v2\/types\/post"}],"author":[{"embeddable":true,"href":"https:\/\/agora.xtec.cat\/ceip-jrj\/wp-json\/wp\/v2\/users\/1"}],"replies":[{"embeddable":true,"href":"https:\/\/agora.xtec.cat\/ceip-jrj\/wp-json\/wp\/v2\/comments?post=8054"}],"version-history":[{"count":4,"href":"https:\/\/agora.xtec.cat\/ceip-jrj\/wp-json\/wp\/v2\/posts\/8054\/revisions"}],"predecessor-version":[{"id":8061,"href":"https:\/\/agora.xtec.cat\/ceip-jrj\/wp-json\/wp\/v2\/posts\/8054\/revisions\/8061"}],"wp:featuredmedia":[{"embeddable":true,"href":"https:\/\/agora.xtec.cat\/ceip-jrj\/wp-json\/wp\/v2\/media\/8060"}],"wp:attachment":[{"href":"https:\/\/agora.xtec.cat\/ceip-jrj\/wp-json\/wp\/v2\/media?parent=8054"}],"wp:term":[{"taxonomy":"category","embeddable":true,"href":"https:\/\/agora.xtec.cat\/ceip-jrj\/wp-json\/wp\/v2\/categories?post=8054"},{"taxonomy":"post_tag","embeddable":true,"href":"https:\/\/agora.xtec.cat\/ceip-jrj\/wp-json\/wp\/v2\/tags?post=8054"}],"curies":[{"name":"wp","href":"https:\/\/api.w.org\/{rel}","templated":true}]}}