{"id":8026,"date":"2026-02-27T16:50:49","date_gmt":"2026-02-27T15:50:49","guid":{"rendered":"https:\/\/agora.xtec.cat\/ceip-jrj\/?p=8026"},"modified":"2026-02-27T15:56:52","modified_gmt":"2026-02-27T14:56:52","slug":"sortida-al-parc-arqueologic-de-les-mines-de-gava","status":"publish","type":"post","link":"https:\/\/agora.xtec.cat\/ceip-jrj\/general\/sortida-al-parc-arqueologic-de-les-mines-de-gava\/","title":{"rendered":"Sortida al Parc Arqueol\u00f2gic de les Mines de Gav\u00e0"},"content":{"rendered":"<p style=\"text-align: justify;\"><img loading=\"lazy\" decoding=\"async\" class=\"wp-image-8028 alignleft\" src=\"https:\/\/agora.xtec.cat\/ceip-jrj\/wp-content\/uploads\/usu280\/2026\/02\/Diseno-sin-titulo-2.png\" alt=\"\" width=\"231\" height=\"289\" srcset=\"https:\/\/agora.xtec.cat\/ceip-jrj\/wp-content\/uploads\/usu280\/2026\/02\/Diseno-sin-titulo-2.png 1080w, https:\/\/agora.xtec.cat\/ceip-jrj\/wp-content\/uploads\/usu280\/2026\/02\/Diseno-sin-titulo-2-240x300.png 240w, https:\/\/agora.xtec.cat\/ceip-jrj\/wp-content\/uploads\/usu280\/2026\/02\/Diseno-sin-titulo-2-819x1024.png 819w, https:\/\/agora.xtec.cat\/ceip-jrj\/wp-content\/uploads\/usu280\/2026\/02\/Diseno-sin-titulo-2-768x960.png 768w\" sizes=\"auto, (max-width: 231px) 100vw, 231px\" \/>L\u2019alumnat de 4t ha estat immers en l\u2019estudi de la prehist\u00f2ria i ha tingut l\u2019oportunitat d\u2019ampliar els seus coneixements amb una visita molt especial al <span class=\"hover:entity-accent entity-underline inline cursor-pointer align-baseline\"><span class=\"whitespace-normal\">Parc Arqueol\u00f2gic de les Mines de Gav\u00e0<\/span><\/span> \ud83e\udea8\u2728<\/p>\n<p style=\"text-align: justify;\">Durant la sortida, els nens i nenes van poder observar eines i ossos de l\u2019\u00e8poca neol\u00edtica, aix\u00ed com endinsar-se en una reproducci\u00f3 de les mines m\u00e9s antigues d\u2019Europa, d\u2019on s\u2019extreia la preuada variscita. Aquesta experi\u00e8ncia els ha perm\u00e8s comprendre millor com vivien els nostres avantpassats i com s\u2019organitzaven en el seu dia a dia.<\/p>\n<p style=\"text-align: justify;\">A m\u00e9s, es van convertir en aut\u00e8ntics artesans prehist\u00f2rics elaborant el seu propi collaret a partir de mineral de talc. Amb molta paci\u00e8ncia i habilitat, van foradar la pedra utilitzant eines similars a les de l\u2019\u00e8poca, vivint aix\u00ed el proc\u00e9s de primera m\u00e0 \ud83d\udc9a<\/p>\n<p style=\"text-align: justify;\">Aprendre fora de l\u2019aula i a trav\u00e9s de l\u2019experi\u00e8ncia directa fa que la hist\u00f2ria cobri vida i esdevingui molt m\u00e9s significativa. Ha estat una jornada enriquidora, plena de descobertes i aprenentatges que segur que recordaran!<\/p>\n<p>&nbsp;<\/p>\n<h6 style=\"text-align: center;\"><b>Per veure les fotografies, feu clic a la pestanya FOTOS\u00a0<\/b><b>(imatge de la c\u00e0mera).<\/b><\/h6>\n<h6 style=\"text-align: center;\"><b>Recordeu que, per garantir la protecci\u00f3 de dades dels menors,<\/b><\/h6>\n<h6 style=\"text-align: center;\"><b>haureu d\u2019introduir el codi d\u2019acc\u00e9s proporcionat<\/b><\/h6>\n<p data-start=\"842\" data-end=\"1065\" data-is-last-node=\"\" data-is-only-node=\"\">\n","protected":false},"excerpt":{"rendered":"<p>L\u2019alumnat de 4t ha viatjat a la prehist\u00f2ria al Parc Arqueol\u00f2gic de les Mines de Gav\u00e0, descobrint com vivien els nostres avantpassats a trav\u00e9s d\u2019una experi\u00e8ncia vivencial.&hellip;  <a href=\"https:\/\/agora.xtec.cat\/ceip-jrj\/general\/sortida-al-parc-arqueologic-de-les-mines-de-gava\/\" title=\"Read Sortida al Parc Arqueol\u00f2gic de les Mines de Gav\u00e0\">Llegeix m\u00e9s\u00bb<\/a><\/p>\n","protected":false},"author":1,"featured_media":8027,"comment_status":"closed","ping_status":"closed","sticky":false,"template":"","format":"standard","meta":{"_bbp_topic_count":0,"_bbp_reply_count":0,"_bbp_total_topic_count":0,"_bbp_total_reply_count":0,"_bbp_voice_count":0,"_bbp_anonymous_reply_count":0,"_bbp_topic_count_hidden":0,"_bbp_reply_count_hidden":0,"_bbp_forum_subforum_count":0,"footnotes":""},"categories":[13,1,4,5],"tags":[],"class_list":["post-8026","post","type-post","status-publish","format-standard","has-post-thumbnail","hentry","category-4t","category-general","category-portada","category-primaria"],"post_mailing_queue_ids":[],"_links":{"self":[{"href":"https:\/\/agora.xtec.cat\/ceip-jrj\/wp-json\/wp\/v2\/posts\/8026","targetHints":{"allow":["GET"]}}],"collection":[{"href":"https:\/\/agora.xtec.cat\/ceip-jrj\/wp-json\/wp\/v2\/posts"}],"about":[{"href":"https:\/\/agora.xtec.cat\/ceip-jrj\/wp-json\/wp\/v2\/types\/post"}],"author":[{"embeddable":true,"href":"https:\/\/agora.xtec.cat\/ceip-jrj\/wp-json\/wp\/v2\/users\/1"}],"replies":[{"embeddable":true,"href":"https:\/\/agora.xtec.cat\/ceip-jrj\/wp-json\/wp\/v2\/comments?post=8026"}],"version-history":[{"count":1,"href":"https:\/\/agora.xtec.cat\/ceip-jrj\/wp-json\/wp\/v2\/posts\/8026\/revisions"}],"predecessor-version":[{"id":8029,"href":"https:\/\/agora.xtec.cat\/ceip-jrj\/wp-json\/wp\/v2\/posts\/8026\/revisions\/8029"}],"wp:featuredmedia":[{"embeddable":true,"href":"https:\/\/agora.xtec.cat\/ceip-jrj\/wp-json\/wp\/v2\/media\/8027"}],"wp:attachment":[{"href":"https:\/\/agora.xtec.cat\/ceip-jrj\/wp-json\/wp\/v2\/media?parent=8026"}],"wp:term":[{"taxonomy":"category","embeddable":true,"href":"https:\/\/agora.xtec.cat\/ceip-jrj\/wp-json\/wp\/v2\/categories?post=8026"},{"taxonomy":"post_tag","embeddable":true,"href":"https:\/\/agora.xtec.cat\/ceip-jrj\/wp-json\/wp\/v2\/tags?post=8026"}],"curies":[{"name":"wp","href":"https:\/\/api.w.org\/{rel}","templated":true}]}}