{"id":8016,"date":"2026-02-27T15:44:41","date_gmt":"2026-02-27T14:44:41","guid":{"rendered":"https:\/\/agora.xtec.cat\/ceip-jrj\/?p=8016"},"modified":"2026-02-27T15:48:18","modified_gmt":"2026-02-27T14:48:18","slug":"sortida-de-3r-a-la-fundacio-miro","status":"publish","type":"post","link":"https:\/\/agora.xtec.cat\/ceip-jrj\/general\/sortida-de-3r-a-la-fundacio-miro\/","title":{"rendered":"Sortida de 3r a la Fundaci\u00f3 Mir\u00f3"},"content":{"rendered":"<p dir=\"auto\" style=\"text-align: justify;\"><img loading=\"lazy\" decoding=\"async\" class=\"wp-image-8017 alignleft\" src=\"https:\/\/agora.xtec.cat\/ceip-jrj\/wp-content\/uploads\/usu280\/2026\/02\/Diseno-sin-titulo-1.png\" alt=\"\" width=\"335\" height=\"419\" srcset=\"https:\/\/agora.xtec.cat\/ceip-jrj\/wp-content\/uploads\/usu280\/2026\/02\/Diseno-sin-titulo-1.png 1080w, https:\/\/agora.xtec.cat\/ceip-jrj\/wp-content\/uploads\/usu280\/2026\/02\/Diseno-sin-titulo-1-240x300.png 240w, https:\/\/agora.xtec.cat\/ceip-jrj\/wp-content\/uploads\/usu280\/2026\/02\/Diseno-sin-titulo-1-819x1024.png 819w, https:\/\/agora.xtec.cat\/ceip-jrj\/wp-content\/uploads\/usu280\/2026\/02\/Diseno-sin-titulo-1-768x960.png 768w\" sizes=\"auto, (max-width: 335px) 100vw, 335px\" \/>L\u2019alumnat de 3r ha gaudit d\u2019una sortida cultural a la Fundaci\u00f3 Joan Mir\u00f3, un espai dedicat a l\u2019univers creatiu de Joan Mir\u00f3.<\/p>\n<p dir=\"auto\" style=\"text-align: justify;\">Durant la visita, vam descobrir com Mir\u00f3 utilitzava colors intensos, formes senzilles i s\u00edmbols per expressar emocions i idees. A trav\u00e9s de l\u2019observaci\u00f3 guiada, els infants van aprendre a interpretar les obres, a fer-se preguntes i a compartir el que els transmetia cada pintura.<\/p>\n<p dir=\"auto\" style=\"text-align: justify;\">A la part pr\u00e0ctica del taller\u2026<\/p>\n<p dir=\"auto\" style=\"text-align: justify;\">Vam treballar la silueta d\u2019un company o companya, fomentant la cooperaci\u00f3 i el respecte.<\/p>\n<p dir=\"auto\" style=\"text-align: justify;\">Vam experimentar amb formes i composicions inspirades en l\u2019estil de Mir\u00f3.<\/p>\n<p dir=\"auto\" style=\"text-align: justify;\">Vam potenciar la creativitat i l\u2019expressi\u00f3 art\u00edstica pr\u00f2pia.<\/p>\n<p dir=\"auto\" style=\"text-align: justify;\">Aquesta experi\u00e8ncia ens ha perm\u00e8s aprendre fora de l\u2019aula, refor\u00e7ant el treball en equip, la mirada art\u00edstica i la confian\u00e7a en les pr\u00f2pies capacitats.<\/p>\n<p dir=\"auto\" style=\"text-align: justify;\">Una jornada plena de descobertes, colors i emocions que segur que recordarem!<\/p>\n<h6 style=\"text-align: center;\"><b>Per veure les fotografies, feu clic a la pestanya FOTOS\u00a0<\/b><b>(imatge de la c\u00e0mera).<\/b><\/h6>\n<h6 style=\"text-align: center;\"><b>Recordeu que, per garantir la protecci\u00f3 de dades dels menors,<\/b><\/h6>\n<h6 style=\"text-align: center;\"><b>haureu d\u2019introduir el codi d\u2019acc\u00e9s proporcionat<\/b><\/h6>\n","protected":false},"excerpt":{"rendered":"<p>L\u2019alumnat de 3r ha descobert l\u2019univers de Joan Mir\u00f3 a la Fundaci\u00f3 Joan Mir\u00f3, potenciant la creativitat, el treball en equip i l\u2019expressi\u00f3 art\u00edstica a trav\u00e9s d\u2019una experi\u00e8ncia vivencial.&hellip;  <a href=\"https:\/\/agora.xtec.cat\/ceip-jrj\/general\/sortida-de-3r-a-la-fundacio-miro\/\" title=\"Read Sortida de 3r a la Fundaci\u00f3 Mir\u00f3\">Llegeix m\u00e9s\u00bb<\/a><\/p>\n","protected":false},"author":1,"featured_media":8018,"comment_status":"closed","ping_status":"closed","sticky":false,"template":"","format":"standard","meta":{"_bbp_topic_count":0,"_bbp_reply_count":0,"_bbp_total_topic_count":0,"_bbp_total_reply_count":0,"_bbp_voice_count":0,"_bbp_anonymous_reply_count":0,"_bbp_topic_count_hidden":0,"_bbp_reply_count_hidden":0,"_bbp_forum_subforum_count":0,"footnotes":""},"categories":[12,1,4,5],"tags":[],"class_list":["post-8016","post","type-post","status-publish","format-standard","has-post-thumbnail","hentry","category-3r","category-general","category-portada","category-primaria"],"post_mailing_queue_ids":[],"_links":{"self":[{"href":"https:\/\/agora.xtec.cat\/ceip-jrj\/wp-json\/wp\/v2\/posts\/8016","targetHints":{"allow":["GET"]}}],"collection":[{"href":"https:\/\/agora.xtec.cat\/ceip-jrj\/wp-json\/wp\/v2\/posts"}],"about":[{"href":"https:\/\/agora.xtec.cat\/ceip-jrj\/wp-json\/wp\/v2\/types\/post"}],"author":[{"embeddable":true,"href":"https:\/\/agora.xtec.cat\/ceip-jrj\/wp-json\/wp\/v2\/users\/1"}],"replies":[{"embeddable":true,"href":"https:\/\/agora.xtec.cat\/ceip-jrj\/wp-json\/wp\/v2\/comments?post=8016"}],"version-history":[{"count":3,"href":"https:\/\/agora.xtec.cat\/ceip-jrj\/wp-json\/wp\/v2\/posts\/8016\/revisions"}],"predecessor-version":[{"id":8024,"href":"https:\/\/agora.xtec.cat\/ceip-jrj\/wp-json\/wp\/v2\/posts\/8016\/revisions\/8024"}],"wp:featuredmedia":[{"embeddable":true,"href":"https:\/\/agora.xtec.cat\/ceip-jrj\/wp-json\/wp\/v2\/media\/8018"}],"wp:attachment":[{"href":"https:\/\/agora.xtec.cat\/ceip-jrj\/wp-json\/wp\/v2\/media?parent=8016"}],"wp:term":[{"taxonomy":"category","embeddable":true,"href":"https:\/\/agora.xtec.cat\/ceip-jrj\/wp-json\/wp\/v2\/categories?post=8016"},{"taxonomy":"post_tag","embeddable":true,"href":"https:\/\/agora.xtec.cat\/ceip-jrj\/wp-json\/wp\/v2\/tags?post=8016"}],"curies":[{"name":"wp","href":"https:\/\/api.w.org\/{rel}","templated":true}]}}