{"id":8009,"date":"2026-02-23T15:45:38","date_gmt":"2026-02-23T14:45:38","guid":{"rendered":"https:\/\/agora.xtec.cat\/ceip-jrj\/?p=8009"},"modified":"2026-02-23T15:32:58","modified_gmt":"2026-02-23T14:32:58","slug":"sortida-de-6e-al-museu-mnactec-de-terrassa","status":"publish","type":"post","link":"https:\/\/agora.xtec.cat\/ceip-jrj\/general\/sortida-de-6e-al-museu-mnactec-de-terrassa\/","title":{"rendered":"Sortida de 6\u00e8 al Museu MNACTEC de Terrassa"},"content":{"rendered":"<p data-start=\"107\" data-end=\"271\"><img loading=\"lazy\" decoding=\"async\" class=\" wp-image-8011 alignleft\" src=\"https:\/\/agora.xtec.cat\/ceip-jrj\/wp-content\/uploads\/usu280\/2026\/02\/Diseno-sin-titulo-19.png\" alt=\"\" width=\"226\" height=\"160\" srcset=\"https:\/\/agora.xtec.cat\/ceip-jrj\/wp-content\/uploads\/usu280\/2026\/02\/Diseno-sin-titulo-19.png 2000w, https:\/\/agora.xtec.cat\/ceip-jrj\/wp-content\/uploads\/usu280\/2026\/02\/Diseno-sin-titulo-19-300x212.png 300w, https:\/\/agora.xtec.cat\/ceip-jrj\/wp-content\/uploads\/usu280\/2026\/02\/Diseno-sin-titulo-19-1024x724.png 1024w, https:\/\/agora.xtec.cat\/ceip-jrj\/wp-content\/uploads\/usu280\/2026\/02\/Diseno-sin-titulo-19-768x543.png 768w, https:\/\/agora.xtec.cat\/ceip-jrj\/wp-content\/uploads\/usu280\/2026\/02\/Diseno-sin-titulo-19-1536x1086.png 1536w\" sizes=\"auto, (max-width: 226px) 100vw, 226px\" \/>L\u2019alumnat de 6\u00e8 ha realitzat una sortida al <span class=\"hover:entity-accent entity-underline inline cursor-pointer align-baseline\"><span class=\"whitespace-normal\">Museu MNACTEC de Terrassa<\/span><\/span>, on ha pogut gaudir d\u2019una jornada plena d\u2019aprenentatge cient\u00edfic i experimentaci\u00f3.<\/p>\n<p data-start=\"273\" data-end=\"647\">Durant la visita, els i les alumnes han participat en diverses activitats relacionades amb el magnetisme i l\u2019electricitat. Han experimentat amb imants, han treballat amb circuits el\u00e8ctrics i han descobert les propietats dels materials conductors i no conductors. Aquestes propostes pr\u00e0ctiques els han perm\u00e8s entendre millor conceptes que pr\u00e8viament s\u2019han treballat a l\u2019aula.<\/p>\n<p data-start=\"649\" data-end=\"834\">La jornada s\u2019ha completat amb un taller d\u2019electricitat, on han pogut aplicar els coneixements adquirits d\u2019una manera din\u00e0mica i vivencial, fomentant la curiositat i l\u2019esperit cient\u00edfic.<\/p>\n<p data-start=\"836\" data-end=\"957\">Per acabar el dia, l\u2019alumnat ha gaudit d\u2019una estona al parc, compartint moments de joc i conviv\u00e8ncia en un entorn dist\u00e8s.<\/p>\n<p data-start=\"959\" data-end=\"1063\" data-is-last-node=\"\" data-is-only-node=\"\">Ha estat una sortida molt enriquidora que ha combinat aprenentatge, experimentaci\u00f3 i cohesi\u00f3 de grup. \ud83d\udca1<\/p>\n<p data-start=\"959\" data-end=\"1063\" data-is-last-node=\"\" data-is-only-node=\"\">\n<h6 style=\"text-align: center;\"><b>Per veure les fotografies, feu clic a la pestanya FOTOS\u00a0<\/b><b>(imatge de la c\u00e0mera).<\/b><\/h6>\n<h6 style=\"text-align: center;\"><b>Recordeu que, per garantir la protecci\u00f3 de dades dels menors,<\/b><\/h6>\n<h6 style=\"text-align: center;\"><b>haureu d\u2019introduir el codi d\u2019acc\u00e9s proporcionat<\/b><\/h6>\n","protected":false},"excerpt":{"rendered":"<p>L\u2019alumnat de 6\u00e8 ha visitat el Museu MNACTEC de Terrassa per experimentar amb el magnetisme i l\u2019electricitat, i ha acabat la jornada amb joc al parc.&hellip;  <a href=\"https:\/\/agora.xtec.cat\/ceip-jrj\/general\/sortida-de-6e-al-museu-mnactec-de-terrassa\/\" title=\"Read Sortida de 6\u00e8 al Museu MNACTEC de Terrassa\">Llegeix m\u00e9s\u00bb<\/a><\/p>\n","protected":false},"author":1,"featured_media":8010,"comment_status":"closed","ping_status":"closed","sticky":false,"template":"","format":"standard","meta":{"_bbp_topic_count":0,"_bbp_reply_count":0,"_bbp_total_topic_count":0,"_bbp_total_reply_count":0,"_bbp_voice_count":0,"_bbp_anonymous_reply_count":0,"_bbp_topic_count_hidden":0,"_bbp_reply_count_hidden":0,"_bbp_forum_subforum_count":0,"footnotes":""},"categories":[15,1,4,5],"tags":[],"class_list":["post-8009","post","type-post","status-publish","format-standard","has-post-thumbnail","hentry","category-6e","category-general","category-portada","category-primaria"],"post_mailing_queue_ids":[],"_links":{"self":[{"href":"https:\/\/agora.xtec.cat\/ceip-jrj\/wp-json\/wp\/v2\/posts\/8009","targetHints":{"allow":["GET"]}}],"collection":[{"href":"https:\/\/agora.xtec.cat\/ceip-jrj\/wp-json\/wp\/v2\/posts"}],"about":[{"href":"https:\/\/agora.xtec.cat\/ceip-jrj\/wp-json\/wp\/v2\/types\/post"}],"author":[{"embeddable":true,"href":"https:\/\/agora.xtec.cat\/ceip-jrj\/wp-json\/wp\/v2\/users\/1"}],"replies":[{"embeddable":true,"href":"https:\/\/agora.xtec.cat\/ceip-jrj\/wp-json\/wp\/v2\/comments?post=8009"}],"version-history":[{"count":1,"href":"https:\/\/agora.xtec.cat\/ceip-jrj\/wp-json\/wp\/v2\/posts\/8009\/revisions"}],"predecessor-version":[{"id":8012,"href":"https:\/\/agora.xtec.cat\/ceip-jrj\/wp-json\/wp\/v2\/posts\/8009\/revisions\/8012"}],"wp:featuredmedia":[{"embeddable":true,"href":"https:\/\/agora.xtec.cat\/ceip-jrj\/wp-json\/wp\/v2\/media\/8010"}],"wp:attachment":[{"href":"https:\/\/agora.xtec.cat\/ceip-jrj\/wp-json\/wp\/v2\/media?parent=8009"}],"wp:term":[{"taxonomy":"category","embeddable":true,"href":"https:\/\/agora.xtec.cat\/ceip-jrj\/wp-json\/wp\/v2\/categories?post=8009"},{"taxonomy":"post_tag","embeddable":true,"href":"https:\/\/agora.xtec.cat\/ceip-jrj\/wp-json\/wp\/v2\/tags?post=8009"}],"curies":[{"name":"wp","href":"https:\/\/api.w.org\/{rel}","templated":true}]}}