{"id":7972,"date":"2026-02-16T19:21:20","date_gmt":"2026-02-16T18:21:20","guid":{"rendered":"https:\/\/agora.xtec.cat\/ceip-jrj\/?p=7972"},"modified":"2026-02-17T21:38:12","modified_gmt":"2026-02-17T20:38:12","slug":"carnaval-a-lescola-festa-gresca-i-disbauxa","status":"publish","type":"post","link":"https:\/\/agora.xtec.cat\/ceip-jrj\/general\/carnaval-a-lescola-festa-gresca-i-disbauxa\/","title":{"rendered":"Carnaval a l\u2019escola: festa, gresca i disbauxa!"},"content":{"rendered":"<p data-pm-slice=\"1 1 []\">Quan arriba el Carnaval, l\u2019escola es transforma. Els passadissos s\u2019omplen de colors, rialles i sorpreses, i el dia a dia deixa pas a la creativitat m\u00e9s esbojarrada. Ens agrada la festa, la gresca i la disbauxa\u2026 i ho demostrem any rere any!<\/p>\n<p><img loading=\"lazy\" decoding=\"async\" class=\"wp-image-7974 alignright\" src=\"https:\/\/agora.xtec.cat\/ceip-jrj\/wp-content\/uploads\/usu280\/2026\/02\/b038d9bb-6e1b-4435-b6f1-14dbf4a5b7f3.jpg\" alt=\"\" width=\"168\" height=\"224\" srcset=\"https:\/\/agora.xtec.cat\/ceip-jrj\/wp-content\/uploads\/usu280\/2026\/02\/b038d9bb-6e1b-4435-b6f1-14dbf4a5b7f3.jpg 1536w, https:\/\/agora.xtec.cat\/ceip-jrj\/wp-content\/uploads\/usu280\/2026\/02\/b038d9bb-6e1b-4435-b6f1-14dbf4a5b7f3-225x300.jpg 225w, https:\/\/agora.xtec.cat\/ceip-jrj\/wp-content\/uploads\/usu280\/2026\/02\/b038d9bb-6e1b-4435-b6f1-14dbf4a5b7f3-768x1024.jpg 768w, https:\/\/agora.xtec.cat\/ceip-jrj\/wp-content\/uploads\/usu280\/2026\/02\/b038d9bb-6e1b-4435-b6f1-14dbf4a5b7f3-1152x1536.jpg 1152w\" sizes=\"auto, (max-width: 168px) 100vw, 168px\" \/><img loading=\"lazy\" decoding=\"async\" class=\"wp-image-7975 alignleft\" src=\"https:\/\/agora.xtec.cat\/ceip-jrj\/wp-content\/uploads\/usu280\/2026\/02\/b038d9bb-6e1b-4435-b6f1-14dbf4a5b7f3-1.jpg\" alt=\"\" width=\"192\" height=\"237\" srcset=\"https:\/\/agora.xtec.cat\/ceip-jrj\/wp-content\/uploads\/usu280\/2026\/02\/b038d9bb-6e1b-4435-b6f1-14dbf4a5b7f3-1.jpg 520w, https:\/\/agora.xtec.cat\/ceip-jrj\/wp-content\/uploads\/usu280\/2026\/02\/b038d9bb-6e1b-4435-b6f1-14dbf4a5b7f3-1-244x300.jpg 244w\" sizes=\"auto, (max-width: 192px) 100vw, 192px\" \/>Hem seguit amb entusiasme les consignes del Carnestoltes: pentinats impossibles, complements divertits i combinacions d\u2019all\u00f2 m\u00e9s originals. Cada dia ha estat una petita celebraci\u00f3, un joc compartit que ens ha recordat que aprendre tamb\u00e9 pot ser sin\u00f2nim de riure i imaginar.<\/p>\n<p>Les disfresses del darrer dia han estat espectaculars! Volem destacar i agrair la implicaci\u00f3 de les fam\u00edlies, que han ajudat a confeccionar els nostres vestits plens de detalls, creativitat i disseny. Quan escola i fam\u00edlia caminen plegades, el resultat \u00e9s m\u00e0gic.<\/p>\n<p>I com ja \u00e9s tradici\u00f3, l\u2019alumnat de 6\u00e8 ha posat el ritme a la celebraci\u00f3 amb el seu esperat taller de batucada, de la m\u00e0 de <strong>La Galera Percussi\u00f3<\/strong>. El so de les caixes, timbals, repeniques i tamborins ha fet bategar els nostres cors amb for\u00e7a i energia. Aquesta activitat ja forma part de la identitat del nostre Carnaval: un moment vibrant que simbolitza el pas dels m\u00e9s grans per l\u2019escola i que omple l\u2019ambient d\u2019orgull i emoci\u00f3.<\/p>\n<p>Perqu\u00e8 el Carnaval ens recorda que l\u2019escola tamb\u00e9 \u00e9s espai per celebrar, per expressar-nos i per viure experi\u00e8ncies que ens uneixen. <img loading=\"lazy\" decoding=\"async\" class=\"wp-image-7976 alignright\" src=\"https:\/\/agora.xtec.cat\/ceip-jrj\/wp-content\/uploads\/usu280\/2026\/02\/1770830230032-scaled.jpg\" alt=\"\" width=\"208\" height=\"251\" srcset=\"https:\/\/agora.xtec.cat\/ceip-jrj\/wp-content\/uploads\/usu280\/2026\/02\/1770830230032-scaled.jpg 2124w, https:\/\/agora.xtec.cat\/ceip-jrj\/wp-content\/uploads\/usu280\/2026\/02\/1770830230032-249x300.jpg 249w, https:\/\/agora.xtec.cat\/ceip-jrj\/wp-content\/uploads\/usu280\/2026\/02\/1770830230032-849x1024.jpg 849w, https:\/\/agora.xtec.cat\/ceip-jrj\/wp-content\/uploads\/usu280\/2026\/02\/1770830230032-768x926.jpg 768w, https:\/\/agora.xtec.cat\/ceip-jrj\/wp-content\/uploads\/usu280\/2026\/02\/1770830230032-1274x1536.jpg 1274w, https:\/\/agora.xtec.cat\/ceip-jrj\/wp-content\/uploads\/usu280\/2026\/02\/1770830230032-1699x2048.jpg 1699w\" sizes=\"auto, (max-width: 208px) 100vw, 208px\" \/><\/p>\n<p>Fins a l\u2019any que ve, Carnestoltes\u2026 et trobarem a faltar!<\/p>\n<h6 style=\"text-align: center;\"><b>Per veure les fotografies, feu clic a la pestanya FOTOS <\/b><b>(imatge de la c\u00e0mera).<\/b><\/h6>\n<h6 style=\"text-align: center;\"><b>Recordeu que, per garantir la protecci\u00f3 de dades dels menors, <\/b><\/h6>\n<h6 style=\"text-align: center;\"><b>haureu d\u2019introduir el codi d\u2019acc\u00e9s proporcionat<\/b><\/h6>\n","protected":false},"excerpt":{"rendered":"<p>Quan arriba el Carnaval, l\u2019escola es transforma. Els passadissos s\u2019omplen de colors, rialles i sorpreses, i el dia a dia deixa pas a la creativitat m\u00e9s esbojarrada.&hellip;  <a href=\"https:\/\/agora.xtec.cat\/ceip-jrj\/general\/carnaval-a-lescola-festa-gresca-i-disbauxa\/\" title=\"Read Carnaval a l\u2019escola: festa, gresca i disbauxa!\">Llegeix m\u00e9s\u00bb<\/a><\/p>\n","protected":false},"author":1,"featured_media":7973,"comment_status":"closed","ping_status":"closed","sticky":false,"template":"","format":"standard","meta":{"_bbp_topic_count":0,"_bbp_reply_count":0,"_bbp_total_topic_count":0,"_bbp_total_reply_count":0,"_bbp_voice_count":0,"_bbp_anonymous_reply_count":0,"_bbp_topic_count_hidden":0,"_bbp_reply_count_hidden":0,"_bbp_forum_subforum_count":0,"footnotes":""},"categories":[1,2,4,5],"tags":[],"class_list":["post-7972","post","type-post","status-publish","format-standard","has-post-thumbnail","hentry","category-general","category-infantil","category-portada","category-primaria"],"post_mailing_queue_ids":[],"_links":{"self":[{"href":"https:\/\/agora.xtec.cat\/ceip-jrj\/wp-json\/wp\/v2\/posts\/7972","targetHints":{"allow":["GET"]}}],"collection":[{"href":"https:\/\/agora.xtec.cat\/ceip-jrj\/wp-json\/wp\/v2\/posts"}],"about":[{"href":"https:\/\/agora.xtec.cat\/ceip-jrj\/wp-json\/wp\/v2\/types\/post"}],"author":[{"embeddable":true,"href":"https:\/\/agora.xtec.cat\/ceip-jrj\/wp-json\/wp\/v2\/users\/1"}],"replies":[{"embeddable":true,"href":"https:\/\/agora.xtec.cat\/ceip-jrj\/wp-json\/wp\/v2\/comments?post=7972"}],"version-history":[{"count":6,"href":"https:\/\/agora.xtec.cat\/ceip-jrj\/wp-json\/wp\/v2\/posts\/7972\/revisions"}],"predecessor-version":[{"id":7989,"href":"https:\/\/agora.xtec.cat\/ceip-jrj\/wp-json\/wp\/v2\/posts\/7972\/revisions\/7989"}],"wp:featuredmedia":[{"embeddable":true,"href":"https:\/\/agora.xtec.cat\/ceip-jrj\/wp-json\/wp\/v2\/media\/7973"}],"wp:attachment":[{"href":"https:\/\/agora.xtec.cat\/ceip-jrj\/wp-json\/wp\/v2\/media?parent=7972"}],"wp:term":[{"taxonomy":"category","embeddable":true,"href":"https:\/\/agora.xtec.cat\/ceip-jrj\/wp-json\/wp\/v2\/categories?post=7972"},{"taxonomy":"post_tag","embeddable":true,"href":"https:\/\/agora.xtec.cat\/ceip-jrj\/wp-json\/wp\/v2\/tags?post=7972"}],"curies":[{"name":"wp","href":"https:\/\/api.w.org\/{rel}","templated":true}]}}