{"id":7953,"date":"2026-01-19T13:06:21","date_gmt":"2026-01-19T12:06:21","guid":{"rendered":"https:\/\/agora.xtec.cat\/ceip-jrj\/?p=7953"},"modified":"2026-01-19T13:12:13","modified_gmt":"2026-01-19T12:12:13","slug":"sortida-al-camp-daprenentatge-de-can-sentoi","status":"publish","type":"post","link":"https:\/\/agora.xtec.cat\/ceip-jrj\/general\/sortida-al-camp-daprenentatge-de-can-sentoi\/","title":{"rendered":"Sortida al Camp d\u2019Aprenentatge de Can Santoi"},"content":{"rendered":"<p dir=\"auto\" style=\"text-align: justify;\"><img loading=\"lazy\" decoding=\"async\" class=\"wp-image-7954 alignleft\" src=\"https:\/\/agora.xtec.cat\/ceip-jrj\/wp-content\/uploads\/usu280\/2026\/01\/Diseno-sin-titulo-16.png\" alt=\"\" width=\"250\" height=\"354\" srcset=\"https:\/\/agora.xtec.cat\/ceip-jrj\/wp-content\/uploads\/usu280\/2026\/01\/Diseno-sin-titulo-16.png 1414w, https:\/\/agora.xtec.cat\/ceip-jrj\/wp-content\/uploads\/usu280\/2026\/01\/Diseno-sin-titulo-16-212x300.png 212w, https:\/\/agora.xtec.cat\/ceip-jrj\/wp-content\/uploads\/usu280\/2026\/01\/Diseno-sin-titulo-16-724x1024.png 724w, https:\/\/agora.xtec.cat\/ceip-jrj\/wp-content\/uploads\/usu280\/2026\/01\/Diseno-sin-titulo-16-768x1086.png 768w, https:\/\/agora.xtec.cat\/ceip-jrj\/wp-content\/uploads\/usu280\/2026\/01\/Diseno-sin-titulo-16-1086x1536.png 1086w\" sizes=\"auto, (max-width: 250px) 100vw, 250px\" \/>L\u2019alumnat de 3r de prim\u00e0ria hem realitzat una sortida al Camp d\u2019Aprenentatge de Can Santoi amb l\u2019objectiu d\u2019arrodonir i consolidar els aprenentatges de la unitat did\u00e0ctica de l\u2019aire.<\/p>\n<p dir=\"auto\" style=\"text-align: justify;\">Durant la jornada, l\u2019alumnat ha tingut l\u2019oportunitat de con\u00e8ixer de manera directa i propera les eines que utilitzem per mesurar el temps atmosf\u00e8ric. A trav\u00e9s d\u2019activitats pr\u00e0ctiques i manipulatives, hem treballat instruments com els que serveixen per mesurar la direcci\u00f3 i la for\u00e7a del vent, la quantitat de pluja i altres variables meteorol\u00f2giques. L\u2019experi\u00e8ncia ha perm\u00e8s entendre no nom\u00e9s per a qu\u00e8 serveixen aquests instruments, sin\u00f3 tamb\u00e9 com funcionen i per qu\u00e8 s\u00f3n importants per observar i interpretar el temps.<\/p>\n<p dir=\"auto\" style=\"text-align: justify;\">A m\u00e9s, a partir de les dades recollides i de l\u2019observaci\u00f3 de l\u2019entorn, l\u2019alumnat s\u2019ha posat en el paper de meteor\u00f2legs i meteor\u00f2logues i ha elaborat la predicci\u00f3 del temps de l\u2019endem\u00e0, aplicant els coneixements adquirits a l\u2019aula. Aquesta activitat ha fomentat el raonament, la formulaci\u00f3 d\u2019hip\u00f2tesis i el treball cooperatiu.<\/p>\n<p dir=\"auto\" style=\"text-align: justify;\">La sortida ha estat una experi\u00e8ncia molt enriquidora, que ha afavorit un aprenentatge significatiu i vivencial, tot connectant la teoria amb la pr\u00e0ctica i ajudant l\u2019alumnat a comprendre millor els fen\u00f2mens meteorol\u00f2gics i el seu impacte en el nostre dia a dia. Agra\u00efm al Camp d\u2019Aprenentatge de Can Santoi la seva acollida i la qualitat de les activitats proposades.<\/p>\n<h6 style=\"text-align: center;\"><b>Per veure les fotografies, feu clic a la pestanya FOTOS<\/b><\/h6>\n<h6 style=\"text-align: center;\"><b>(imatge de la c\u00e0mera).<\/b><\/h6>\n<h6 style=\"text-align: center;\"><b>Recordeu que, per garantir la protecci\u00f3 de dades dels menors, haureu d\u2019introduir el codi d\u2019acc\u00e9s proporcionat<\/b><\/h6>\n","protected":false},"excerpt":{"rendered":"<p>L\u2019alumnat de 3r ha visitat el Camp d\u2019Aprenentatge de Can Santoi per aprofundir, de manera pr\u00e0ctica i vivencial, en l\u2019estudi del temps atmosf\u00e8ric.&hellip;  <a href=\"https:\/\/agora.xtec.cat\/ceip-jrj\/general\/sortida-al-camp-daprenentatge-de-can-sentoi\/\" title=\"Read Sortida al Camp d\u2019Aprenentatge de Can Santoi\">Llegeix m\u00e9s\u00bb<\/a><\/p>\n","protected":false},"author":1,"featured_media":7955,"comment_status":"closed","ping_status":"closed","sticky":false,"template":"","format":"standard","meta":{"_bbp_topic_count":0,"_bbp_reply_count":0,"_bbp_total_topic_count":0,"_bbp_total_reply_count":0,"_bbp_voice_count":0,"_bbp_anonymous_reply_count":0,"_bbp_topic_count_hidden":0,"_bbp_reply_count_hidden":0,"_bbp_forum_subforum_count":0,"footnotes":""},"categories":[12,1,4,5],"tags":[],"class_list":["post-7953","post","type-post","status-publish","format-standard","has-post-thumbnail","hentry","category-3r","category-general","category-portada","category-primaria"],"post_mailing_queue_ids":[],"_links":{"self":[{"href":"https:\/\/agora.xtec.cat\/ceip-jrj\/wp-json\/wp\/v2\/posts\/7953","targetHints":{"allow":["GET"]}}],"collection":[{"href":"https:\/\/agora.xtec.cat\/ceip-jrj\/wp-json\/wp\/v2\/posts"}],"about":[{"href":"https:\/\/agora.xtec.cat\/ceip-jrj\/wp-json\/wp\/v2\/types\/post"}],"author":[{"embeddable":true,"href":"https:\/\/agora.xtec.cat\/ceip-jrj\/wp-json\/wp\/v2\/users\/1"}],"replies":[{"embeddable":true,"href":"https:\/\/agora.xtec.cat\/ceip-jrj\/wp-json\/wp\/v2\/comments?post=7953"}],"version-history":[{"count":2,"href":"https:\/\/agora.xtec.cat\/ceip-jrj\/wp-json\/wp\/v2\/posts\/7953\/revisions"}],"predecessor-version":[{"id":7958,"href":"https:\/\/agora.xtec.cat\/ceip-jrj\/wp-json\/wp\/v2\/posts\/7953\/revisions\/7958"}],"wp:featuredmedia":[{"embeddable":true,"href":"https:\/\/agora.xtec.cat\/ceip-jrj\/wp-json\/wp\/v2\/media\/7955"}],"wp:attachment":[{"href":"https:\/\/agora.xtec.cat\/ceip-jrj\/wp-json\/wp\/v2\/media?parent=7953"}],"wp:term":[{"taxonomy":"category","embeddable":true,"href":"https:\/\/agora.xtec.cat\/ceip-jrj\/wp-json\/wp\/v2\/categories?post=7953"},{"taxonomy":"post_tag","embeddable":true,"href":"https:\/\/agora.xtec.cat\/ceip-jrj\/wp-json\/wp\/v2\/tags?post=7953"}],"curies":[{"name":"wp","href":"https:\/\/api.w.org\/{rel}","templated":true}]}}