{"id":7922,"date":"2025-12-19T09:51:33","date_gmt":"2025-12-19T08:51:33","guid":{"rendered":"https:\/\/agora.xtec.cat\/ceip-jrj\/?p=7922"},"modified":"2025-12-19T09:51:33","modified_gmt":"2025-12-19T08:51:33","slug":"radio-jrj-pesa-i-pensa","status":"publish","type":"post","link":"https:\/\/agora.xtec.cat\/ceip-jrj\/general\/radio-jrj-pesa-i-pensa\/","title":{"rendered":"R\u00e0dio JRJ &#8211; PESA i PENSA"},"content":{"rendered":"<p data-start=\"105\" data-end=\"452\">En el cinqu\u00e8 programa de la r\u00e0dio de l\u2019escola, donem a con\u00e8ixer el projecte <strong data-start=\"184\" data-end=\"202\">\u201cPesa i pensa\u201d<\/strong>, una proposta que ens convida a reflexionar sobre el menjar que es desaprofita durant l\u2019estona del menjador. L\u2019alumnat ha observat i estudiat els residus que es generen, aprenent a distingir entre all\u00f2 que \u00e9s menjable i el que \u00e9s immenjable.<\/p>\n<p data-start=\"454\" data-end=\"748\">Els resultats s\u00f3n molt positius i motivadors: la quantitat de residus menjables s\u2019ha redu\u00eft notablement \ud83d\udcaa. Aquesta millora ens encoratja a continuar treballant conjuntament per avan\u00e7ar cap a un menjador m\u00e9s conscient i responsable, i per seguir lluitant contra el malbaratament alimentari.<\/p>\n<p data-start=\"454\" data-end=\"748\">\n<h6 style=\"text-align: center;\"><b>Per veure sentir el programa, feu clic a la pestanya FOTOS <\/b><b>(imatge de la c\u00e0mera).<\/b><\/h6>\n<h6 style=\"text-align: center;\"><b>Recordeu que, per garantir la protecci\u00f3 de dades dels menors, haureu d\u2019introduir el codi d\u2019acc\u00e9s proporcionat<\/b><\/h6>\n<p data-start=\"454\" data-end=\"748\">\n","protected":false},"excerpt":{"rendered":"<p>En el cinqu\u00e8 programa de la r\u00e0dio escolar presentem Pesa i pensa, un projecte que ajuda l\u2019alumnat a prendre consci\u00e8ncia del malbaratament alimentari i que ja mostra una reducci\u00f3 dels residus menjables.&hellip;  <a href=\"https:\/\/agora.xtec.cat\/ceip-jrj\/general\/radio-jrj-pesa-i-pensa\/\" title=\"Read R\u00e0dio JRJ &#8211; PESA i PENSA\">Llegeix m\u00e9s\u00bb<\/a><\/p>\n","protected":false},"author":1,"featured_media":7923,"comment_status":"closed","ping_status":"closed","sticky":false,"template":"","format":"standard","meta":{"_bbp_topic_count":0,"_bbp_reply_count":0,"_bbp_total_topic_count":0,"_bbp_total_reply_count":0,"_bbp_voice_count":0,"_bbp_anonymous_reply_count":0,"_bbp_topic_count_hidden":0,"_bbp_reply_count_hidden":0,"_bbp_forum_subforum_count":0,"footnotes":""},"categories":[15,1,4,5],"tags":[],"class_list":["post-7922","post","type-post","status-publish","format-standard","has-post-thumbnail","hentry","category-6e","category-general","category-portada","category-primaria"],"post_mailing_queue_ids":[],"_links":{"self":[{"href":"https:\/\/agora.xtec.cat\/ceip-jrj\/wp-json\/wp\/v2\/posts\/7922","targetHints":{"allow":["GET"]}}],"collection":[{"href":"https:\/\/agora.xtec.cat\/ceip-jrj\/wp-json\/wp\/v2\/posts"}],"about":[{"href":"https:\/\/agora.xtec.cat\/ceip-jrj\/wp-json\/wp\/v2\/types\/post"}],"author":[{"embeddable":true,"href":"https:\/\/agora.xtec.cat\/ceip-jrj\/wp-json\/wp\/v2\/users\/1"}],"replies":[{"embeddable":true,"href":"https:\/\/agora.xtec.cat\/ceip-jrj\/wp-json\/wp\/v2\/comments?post=7922"}],"version-history":[{"count":1,"href":"https:\/\/agora.xtec.cat\/ceip-jrj\/wp-json\/wp\/v2\/posts\/7922\/revisions"}],"predecessor-version":[{"id":7924,"href":"https:\/\/agora.xtec.cat\/ceip-jrj\/wp-json\/wp\/v2\/posts\/7922\/revisions\/7924"}],"wp:featuredmedia":[{"embeddable":true,"href":"https:\/\/agora.xtec.cat\/ceip-jrj\/wp-json\/wp\/v2\/media\/7923"}],"wp:attachment":[{"href":"https:\/\/agora.xtec.cat\/ceip-jrj\/wp-json\/wp\/v2\/media?parent=7922"}],"wp:term":[{"taxonomy":"category","embeddable":true,"href":"https:\/\/agora.xtec.cat\/ceip-jrj\/wp-json\/wp\/v2\/categories?post=7922"},{"taxonomy":"post_tag","embeddable":true,"href":"https:\/\/agora.xtec.cat\/ceip-jrj\/wp-json\/wp\/v2\/tags?post=7922"}],"curies":[{"name":"wp","href":"https:\/\/api.w.org\/{rel}","templated":true}]}}