{"id":7883,"date":"2025-11-23T15:04:03","date_gmt":"2025-11-23T14:04:03","guid":{"rendered":"https:\/\/agora.xtec.cat\/ceip-jrj\/?p=7883"},"modified":"2025-11-23T15:11:37","modified_gmt":"2025-11-23T14:11:37","slug":"inauguracio-del-consell-dinfants-de-martorell%f0%9f%8c%9f","status":"publish","type":"post","link":"https:\/\/agora.xtec.cat\/ceip-jrj\/general\/inauguracio-del-consell-dinfants-de-martorell%f0%9f%8c%9f\/","title":{"rendered":"Inauguraci\u00f3 del Consell d\u2019Infants de Martorell"},"content":{"rendered":"<p data-start=\"137\" data-end=\"337\"><img loading=\"lazy\" decoding=\"async\" class=\" wp-image-7885 alignleft\" src=\"https:\/\/agora.xtec.cat\/ceip-jrj\/wp-content\/uploads\/usu280\/2025\/11\/IMG_2021R-scaled-2.jpg\" alt=\"\" width=\"120\" height=\"304\" \/>Diumenge 21 de desembre hem celebrat la inauguraci\u00f3 del nou Consell d\u2019Infants de Martorell, un espai de participaci\u00f3 on els nens i les nenes poden expressar idees i propostes per millorar la ciutat.<\/p>\n<p data-pm-slice=\"1 1 []\">L\u2019acte ha comptat amb la participaci\u00f3 de l\u2019alumnat de 4t, 5\u00e8 i 6\u00e8 del nostre centre.<br \/>\nEls infants representants de totes les escoles han compartit la seva il\u00b7lusi\u00f3 i comprom\u00eds en aquest \u00f2rgan municipal.<\/p>\n<p data-start=\"570\" data-end=\"821\">Volem destacar la pres\u00e8ncia i el suport de les fam\u00edlies, que han acompanyat els infants en aquest moment tan especial. La seva implicaci\u00f3 \u00e9s essencial per continuar fomentant els valors de participaci\u00f3 i responsabilitat ciutadana.<\/p>\n<p data-start=\"823\" data-end=\"934\">Gr\u00e0cies a tots els infants, fam\u00edlies i docents per fer cr\u00e9ixer un projecte que dona veu al nostre futur.<\/p>\n<h6 style=\"text-align: center;\"><b>Per veure les fotografies, feu clic a la pestanya FOTOS\u00a0<\/b><b>(imatge de la c\u00e0mera).<\/b><\/h6>\n<h6 style=\"text-align: center;\"><b>Recordeu que, per garantir la protecci\u00f3 de dades dels menors, haureu d\u2019introduir el codi d\u2019acc\u00e9s proporcionat<\/b><\/h6>\n","protected":false},"excerpt":{"rendered":"<p>Diumenge 21 de desembre hem celebrat la inauguraci\u00f3 del nou Consell d\u2019Infants de Martorell, un espai de participaci\u00f3 on els nens i nenes poden expressar idees i propostes per millorar la ciutat.&hellip;  <a href=\"https:\/\/agora.xtec.cat\/ceip-jrj\/general\/inauguracio-del-consell-dinfants-de-martorell%f0%9f%8c%9f\/\" title=\"Read Inauguraci\u00f3 del Consell d\u2019Infants de Martorell\">Llegeix m\u00e9s\u00bb<\/a><\/p>\n","protected":false},"author":1,"featured_media":7891,"comment_status":"closed","ping_status":"closed","sticky":false,"template":"","format":"standard","meta":{"_bbp_topic_count":0,"_bbp_reply_count":0,"_bbp_total_topic_count":0,"_bbp_total_reply_count":0,"_bbp_voice_count":0,"_bbp_anonymous_reply_count":0,"_bbp_topic_count_hidden":0,"_bbp_reply_count_hidden":0,"_bbp_forum_subforum_count":0,"footnotes":""},"categories":[13,14,15,1,4,5],"tags":[],"class_list":["post-7883","post","type-post","status-publish","format-standard","has-post-thumbnail","hentry","category-4t","category-5e","category-6e","category-general","category-portada","category-primaria"],"post_mailing_queue_ids":[],"_links":{"self":[{"href":"https:\/\/agora.xtec.cat\/ceip-jrj\/wp-json\/wp\/v2\/posts\/7883","targetHints":{"allow":["GET"]}}],"collection":[{"href":"https:\/\/agora.xtec.cat\/ceip-jrj\/wp-json\/wp\/v2\/posts"}],"about":[{"href":"https:\/\/agora.xtec.cat\/ceip-jrj\/wp-json\/wp\/v2\/types\/post"}],"author":[{"embeddable":true,"href":"https:\/\/agora.xtec.cat\/ceip-jrj\/wp-json\/wp\/v2\/users\/1"}],"replies":[{"embeddable":true,"href":"https:\/\/agora.xtec.cat\/ceip-jrj\/wp-json\/wp\/v2\/comments?post=7883"}],"version-history":[{"count":4,"href":"https:\/\/agora.xtec.cat\/ceip-jrj\/wp-json\/wp\/v2\/posts\/7883\/revisions"}],"predecessor-version":[{"id":7892,"href":"https:\/\/agora.xtec.cat\/ceip-jrj\/wp-json\/wp\/v2\/posts\/7883\/revisions\/7892"}],"wp:featuredmedia":[{"embeddable":true,"href":"https:\/\/agora.xtec.cat\/ceip-jrj\/wp-json\/wp\/v2\/media\/7891"}],"wp:attachment":[{"href":"https:\/\/agora.xtec.cat\/ceip-jrj\/wp-json\/wp\/v2\/media?parent=7883"}],"wp:term":[{"taxonomy":"category","embeddable":true,"href":"https:\/\/agora.xtec.cat\/ceip-jrj\/wp-json\/wp\/v2\/categories?post=7883"},{"taxonomy":"post_tag","embeddable":true,"href":"https:\/\/agora.xtec.cat\/ceip-jrj\/wp-json\/wp\/v2\/tags?post=7883"}],"curies":[{"name":"wp","href":"https:\/\/api.w.org\/{rel}","templated":true}]}}