{"id":7859,"date":"2025-11-09T09:57:36","date_gmt":"2025-11-09T08:57:36","guid":{"rendered":"https:\/\/agora.xtec.cat\/ceip-jrj\/?p=7859"},"modified":"2025-11-09T10:00:38","modified_gmt":"2025-11-09T09:00:38","slug":"lalumnat-de-5e-participa-a-les-olimpiades-bebras","status":"publish","type":"post","link":"https:\/\/agora.xtec.cat\/ceip-jrj\/general\/lalumnat-de-5e-participa-a-les-olimpiades-bebras\/","title":{"rendered":"L\u2019alumnat de 5\u00e8 participa a les Olimp\u00edades Bebras"},"content":{"rendered":"<p data-start=\"155\" data-end=\"378\"><img loading=\"lazy\" decoding=\"async\" class=\"wp-image-7860 alignleft\" src=\"https:\/\/agora.xtec.cat\/ceip-jrj\/wp-content\/uploads\/usu280\/2025\/11\/Foto-de-\ud83d\udc9c\ud83c\udfb6-2.jpg\" alt=\"\" width=\"229\" height=\"274\" srcset=\"https:\/\/agora.xtec.cat\/ceip-jrj\/wp-content\/uploads\/usu280\/2025\/11\/Foto-de-\ud83d\udc9c\ud83c\udfb6-2.jpg 1528w, https:\/\/agora.xtec.cat\/ceip-jrj\/wp-content\/uploads\/usu280\/2025\/11\/Foto-de-\ud83d\udc9c\ud83c\udfb6-2-251x300.jpg 251w, https:\/\/agora.xtec.cat\/ceip-jrj\/wp-content\/uploads\/usu280\/2025\/11\/Foto-de-\ud83d\udc9c\ud83c\udfb6-2-856x1024.jpg 856w, https:\/\/agora.xtec.cat\/ceip-jrj\/wp-content\/uploads\/usu280\/2025\/11\/Foto-de-\ud83d\udc9c\ud83c\udfb6-2-768x919.jpg 768w, https:\/\/agora.xtec.cat\/ceip-jrj\/wp-content\/uploads\/usu280\/2025\/11\/Foto-de-\ud83d\udc9c\ud83c\udfb6-2-1284x1536.jpg 1284w\" sizes=\"auto, (max-width: 229px) 100vw, 229px\" \/>Els i les alumnes de 5\u00e8 continuen endinsant-se en el m\u00f3n del pensament computacional a trav\u00e9s de les <strong data-start=\"260\" data-end=\"281\">Olimp\u00edades Bebras<\/strong>, una iniciativa internacional que proposa reptes de l\u00f2gica, estrat\u00e8gia i resoluci\u00f3 de problemes.<\/p>\n<p data-start=\"380\" data-end=\"714\">Han realitzat la versi\u00f3 de prova, que els ha perm\u00e8s familiaritzar-se amb el format, la tipologia de preguntes i la din\u00e0mica del concurs. Durant l\u2019activitat, han treballat la paci\u00e8ncia, la perseveran\u00e7a i el raonament, resolent situacions que requerien pensar amb creativitat i analitzar b\u00e9 la informaci\u00f3 disponible.<\/p>\n<p data-start=\"716\" data-end=\"870\">La prova oficial tindr\u00e0 lloc el divendres 14 de novembre, moment en qu\u00e8 podran posar en pr\u00e0ctica tot all\u00f2 que han apr\u00e8s i afrontar el repte amb m\u00e9s seguretat.<\/p>\n<p data-pm-slice=\"1 1 []\">Continuem avan\u00e7ant pas a pas, descobrint noves maneres d\u2019aprendre i cr\u00e9ixer!\ud83e\udde0\u2728<\/p>\n<h6 style=\"text-align: center;\"><b>Per veure les fotografies, feu clic a la pestanya FOTOS <\/b><b>(imatge de la c\u00e0mera).<\/b><\/h6>\n<h6 style=\"text-align: center;\"><b>Recordeu que, per garantir la protecci\u00f3 de dades dels menors, haureu d\u2019introduir el codi d\u2019acc\u00e9s proporcionat.<\/b><\/h6>\n","protected":false},"excerpt":{"rendered":"<p>Els i les alumnes de 5\u00e8 continuen endinsant-se en el m\u00f3n del pensament computacional a trav\u00e9s de les Olimp\u00edades Bebras, una iniciativa internacional que proposa reptes de l\u00f2gica, estrat\u00e8gia i resoluci\u00f3 de problemes.&hellip;  <a href=\"https:\/\/agora.xtec.cat\/ceip-jrj\/general\/lalumnat-de-5e-participa-a-les-olimpiades-bebras\/\" title=\"Read L\u2019alumnat de 5\u00e8 participa a les Olimp\u00edades Bebras\">Llegeix m\u00e9s\u00bb<\/a><\/p>\n","protected":false},"author":1,"featured_media":7864,"comment_status":"closed","ping_status":"closed","sticky":false,"template":"","format":"standard","meta":{"_bbp_topic_count":0,"_bbp_reply_count":0,"_bbp_total_topic_count":0,"_bbp_total_reply_count":0,"_bbp_voice_count":0,"_bbp_anonymous_reply_count":0,"_bbp_topic_count_hidden":0,"_bbp_reply_count_hidden":0,"_bbp_forum_subforum_count":0,"footnotes":""},"categories":[14,1,4,5],"tags":[],"class_list":["post-7859","post","type-post","status-publish","format-standard","has-post-thumbnail","hentry","category-5e","category-general","category-portada","category-primaria"],"post_mailing_queue_ids":[],"_links":{"self":[{"href":"https:\/\/agora.xtec.cat\/ceip-jrj\/wp-json\/wp\/v2\/posts\/7859","targetHints":{"allow":["GET"]}}],"collection":[{"href":"https:\/\/agora.xtec.cat\/ceip-jrj\/wp-json\/wp\/v2\/posts"}],"about":[{"href":"https:\/\/agora.xtec.cat\/ceip-jrj\/wp-json\/wp\/v2\/types\/post"}],"author":[{"embeddable":true,"href":"https:\/\/agora.xtec.cat\/ceip-jrj\/wp-json\/wp\/v2\/users\/1"}],"replies":[{"embeddable":true,"href":"https:\/\/agora.xtec.cat\/ceip-jrj\/wp-json\/wp\/v2\/comments?post=7859"}],"version-history":[{"count":4,"href":"https:\/\/agora.xtec.cat\/ceip-jrj\/wp-json\/wp\/v2\/posts\/7859\/revisions"}],"predecessor-version":[{"id":7865,"href":"https:\/\/agora.xtec.cat\/ceip-jrj\/wp-json\/wp\/v2\/posts\/7859\/revisions\/7865"}],"wp:featuredmedia":[{"embeddable":true,"href":"https:\/\/agora.xtec.cat\/ceip-jrj\/wp-json\/wp\/v2\/media\/7864"}],"wp:attachment":[{"href":"https:\/\/agora.xtec.cat\/ceip-jrj\/wp-json\/wp\/v2\/media?parent=7859"}],"wp:term":[{"taxonomy":"category","embeddable":true,"href":"https:\/\/agora.xtec.cat\/ceip-jrj\/wp-json\/wp\/v2\/categories?post=7859"},{"taxonomy":"post_tag","embeddable":true,"href":"https:\/\/agora.xtec.cat\/ceip-jrj\/wp-json\/wp\/v2\/tags?post=7859"}],"curies":[{"name":"wp","href":"https:\/\/api.w.org\/{rel}","templated":true}]}}