{"id":7836,"date":"2025-11-03T16:25:06","date_gmt":"2025-11-03T15:25:06","guid":{"rendered":"https:\/\/agora.xtec.cat\/ceip-jrj\/?p=7836"},"modified":"2025-11-03T15:23:32","modified_gmt":"2025-11-03T14:23:32","slug":"visita-de-4t-a-mercabarna-aprenem-sobre-lalimentacio-i-el-comerc","status":"publish","type":"post","link":"https:\/\/agora.xtec.cat\/ceip-jrj\/general\/visita-de-4t-a-mercabarna-aprenem-sobre-lalimentacio-i-el-comerc\/","title":{"rendered":"Visita de 4t a Mercabarna: aprenem sobre l\u2019alimentaci\u00f3 i el comer\u00e7!"},"content":{"rendered":"<p style=\"text-align: justify;\" data-start=\"113\" data-end=\"359\"><img loading=\"lazy\" decoding=\"async\" class=\" wp-image-7838 alignleft\" src=\"https:\/\/agora.xtec.cat\/ceip-jrj\/wp-content\/uploads\/usu280\/2025\/11\/Diseno-sin-titulo-12.png\" alt=\"\" width=\"257\" height=\"182\" srcset=\"https:\/\/agora.xtec.cat\/ceip-jrj\/wp-content\/uploads\/usu280\/2025\/11\/Diseno-sin-titulo-12.png 2000w, https:\/\/agora.xtec.cat\/ceip-jrj\/wp-content\/uploads\/usu280\/2025\/11\/Diseno-sin-titulo-12-300x212.png 300w, https:\/\/agora.xtec.cat\/ceip-jrj\/wp-content\/uploads\/usu280\/2025\/11\/Diseno-sin-titulo-12-1024x724.png 1024w, https:\/\/agora.xtec.cat\/ceip-jrj\/wp-content\/uploads\/usu280\/2025\/11\/Diseno-sin-titulo-12-768x543.png 768w, https:\/\/agora.xtec.cat\/ceip-jrj\/wp-content\/uploads\/usu280\/2025\/11\/Diseno-sin-titulo-12-1536x1086.png 1536w\" sizes=\"auto, (max-width: 257px) 100vw, 257px\" \/>La setmana passada, l\u2019alumnat de 4t de prim\u00e0ria va fer una sortida molt especial a Mercabarna, on van poder descobrir de primera m\u00e0 com funciona el proc\u00e9s de compra i venda dels aliments, des dels majoristes fins als minoristes.<\/p>\n<p style=\"text-align: justify;\" data-start=\"361\" data-end=\"606\">Durant la visita, els infants van aprendre quines s\u00f3n les fruites i verdures de temporada, van participar en un joc de classificaci\u00f3 i van gaudir d\u2019un tast sensorial per identificar diferents gustos: \u00e0cid, dol\u00e7, amarg i c\u00edtric.<\/p>\n<p style=\"text-align: justify;\" data-start=\"608\" data-end=\"794\">A m\u00e9s, com a record de l\u2019experi\u00e8ncia, cada alumne va rebre una bossa de patates, un plat i un got reutilitzables amb els quals van dinar, i una bossa de tela molt pr\u00e0ctica.<\/p>\n<p style=\"text-align: justify;\" data-start=\"796\" data-end=\"1022\">Va ser una jornada divertida, enriquidora i molt gratificant, en qu\u00e8 van poder refor\u00e7ar continguts treballats a classe com la pir\u00e0mide dels aliments i la import\u00e0ncia de mantenir una dieta equilibrada i saludable.<\/p>\n<p style=\"text-align: justify;\" data-start=\"1024\" data-end=\"1118\">Una experi\u00e8ncia que combina aprenentatge, sostenibilitat i consci\u00e8ncia aliment\u00e0ria! \ud83c\udf31\ud83c\udf4e<\/p>\n<p data-start=\"1024\" data-end=\"1118\">\n<h6 style=\"text-align: center;\"><b>Per veure les fotografies, feu clic a la pestanya FOTOS<\/b><\/h6>\n<h6 style=\"text-align: center;\"><b>(imatge de la c\u00e0mera).<\/b><\/h6>\n<h6 style=\"text-align: center;\"><b>Recordeu que, per garantir la protecci\u00f3 de dades dels menors, haureu d\u2019introduir el codi d\u2019acc\u00e9s proporcionat<\/b><\/h6>\n","protected":false},"excerpt":{"rendered":"<p>L\u2019alumnat de 4t ha visitat Mercabarna per descobrir com funciona el comer\u00e7 d\u2019aliments, tastar fruites de diferents gustos i refor\u00e7ar els aprenentatges sobre l\u2019alimentaci\u00f3 saludable d\u2019una manera vivencial i divertida. \ud83c\udf4e\ud83e\udd66&hellip;  <a href=\"https:\/\/agora.xtec.cat\/ceip-jrj\/general\/visita-de-4t-a-mercabarna-aprenem-sobre-lalimentacio-i-el-comerc\/\" title=\"Read Visita de 4t a Mercabarna: aprenem sobre l\u2019alimentaci\u00f3 i el comer\u00e7!\">Llegeix m\u00e9s\u00bb<\/a><\/p>\n","protected":false},"author":1,"featured_media":7837,"comment_status":"closed","ping_status":"closed","sticky":false,"template":"","format":"standard","meta":{"_bbp_topic_count":0,"_bbp_reply_count":0,"_bbp_total_topic_count":0,"_bbp_total_reply_count":0,"_bbp_voice_count":0,"_bbp_anonymous_reply_count":0,"_bbp_topic_count_hidden":0,"_bbp_reply_count_hidden":0,"_bbp_forum_subforum_count":0,"footnotes":""},"categories":[13,1,4,5],"tags":[],"class_list":["post-7836","post","type-post","status-publish","format-standard","has-post-thumbnail","hentry","category-4t","category-general","category-portada","category-primaria"],"post_mailing_queue_ids":[],"_links":{"self":[{"href":"https:\/\/agora.xtec.cat\/ceip-jrj\/wp-json\/wp\/v2\/posts\/7836","targetHints":{"allow":["GET"]}}],"collection":[{"href":"https:\/\/agora.xtec.cat\/ceip-jrj\/wp-json\/wp\/v2\/posts"}],"about":[{"href":"https:\/\/agora.xtec.cat\/ceip-jrj\/wp-json\/wp\/v2\/types\/post"}],"author":[{"embeddable":true,"href":"https:\/\/agora.xtec.cat\/ceip-jrj\/wp-json\/wp\/v2\/users\/1"}],"replies":[{"embeddable":true,"href":"https:\/\/agora.xtec.cat\/ceip-jrj\/wp-json\/wp\/v2\/comments?post=7836"}],"version-history":[{"count":1,"href":"https:\/\/agora.xtec.cat\/ceip-jrj\/wp-json\/wp\/v2\/posts\/7836\/revisions"}],"predecessor-version":[{"id":7839,"href":"https:\/\/agora.xtec.cat\/ceip-jrj\/wp-json\/wp\/v2\/posts\/7836\/revisions\/7839"}],"wp:featuredmedia":[{"embeddable":true,"href":"https:\/\/agora.xtec.cat\/ceip-jrj\/wp-json\/wp\/v2\/media\/7837"}],"wp:attachment":[{"href":"https:\/\/agora.xtec.cat\/ceip-jrj\/wp-json\/wp\/v2\/media?parent=7836"}],"wp:term":[{"taxonomy":"category","embeddable":true,"href":"https:\/\/agora.xtec.cat\/ceip-jrj\/wp-json\/wp\/v2\/categories?post=7836"},{"taxonomy":"post_tag","embeddable":true,"href":"https:\/\/agora.xtec.cat\/ceip-jrj\/wp-json\/wp\/v2\/tags?post=7836"}],"curies":[{"name":"wp","href":"https:\/\/api.w.org\/{rel}","templated":true}]}}