{"id":7830,"date":"2025-11-03T15:30:43","date_gmt":"2025-11-03T14:30:43","guid":{"rendered":"https:\/\/agora.xtec.cat\/ceip-jrj\/?p=7830"},"modified":"2025-11-03T15:23:57","modified_gmt":"2025-11-03T14:23:57","slug":"primera-volta-dels-tallers-artistics-intercicle-%f0%9f%8e%a8%e2%9c%a8","status":"publish","type":"post","link":"https:\/\/agora.xtec.cat\/ceip-jrj\/general\/primera-volta-dels-tallers-artistics-intercicle-%f0%9f%8e%a8%e2%9c%a8\/","title":{"rendered":"Primera volta dels tallers art\u00edstics intercicle \ud83c\udfa8\u2728"},"content":{"rendered":"<p style=\"text-align: justify;\"><img loading=\"lazy\" decoding=\"async\" class=\" wp-image-7832 alignleft\" src=\"https:\/\/agora.xtec.cat\/ceip-jrj\/wp-content\/uploads\/usu280\/2025\/11\/Diseno-sin-titulo-11.png\" alt=\"\" width=\"231\" height=\"163\" srcset=\"https:\/\/agora.xtec.cat\/ceip-jrj\/wp-content\/uploads\/usu280\/2025\/11\/Diseno-sin-titulo-11.png 2000w, https:\/\/agora.xtec.cat\/ceip-jrj\/wp-content\/uploads\/usu280\/2025\/11\/Diseno-sin-titulo-11-300x212.png 300w, https:\/\/agora.xtec.cat\/ceip-jrj\/wp-content\/uploads\/usu280\/2025\/11\/Diseno-sin-titulo-11-1024x724.png 1024w, https:\/\/agora.xtec.cat\/ceip-jrj\/wp-content\/uploads\/usu280\/2025\/11\/Diseno-sin-titulo-11-768x543.png 768w, https:\/\/agora.xtec.cat\/ceip-jrj\/wp-content\/uploads\/usu280\/2025\/11\/Diseno-sin-titulo-11-1536x1086.png 1536w\" sizes=\"auto, (max-width: 231px) 100vw, 231px\" \/><strong><img decoding=\"async\" class=\"alignnone size-full wp-image-7831\" src=\"https:\/\/agora.xtec.cat\/ceip-jrj\/wp-content\/uploads\/usu280\/2025\/11\/IMG_0401.heic\" alt=\"\" \/><\/strong>La setmana passada vam donar per acabada la primera volta dels tallers art\u00edstics intercicle, una proposta molt especial que fomenta la creativitat, la cooperaci\u00f3 i l\u2019expressi\u00f3 art\u00edstica de l\u2019alumnat de\u00a03r i 4t.<\/p>\n<p style=\"text-align: justify;\">Aquests tallers tenen com a objectiu\u00a0afavorir el treball en equip,\u00a0potenciar habilitats art\u00edstiques diverses\u00a0i\u00a0donar a con\u00e8ixer noves t\u00e8cniques pl\u00e0stiques. Durant aquestes setmanes, els nens i nenes han rotat per diferents espais, experimentant amb materials i procediments variats.<\/p>\n<p style=\"text-align: justify;\">En concret, han pogut:<br \/>\n<img decoding=\"async\" class=\"an1\" draggable=\"false\" src=\"https:\/\/fonts.gstatic.com\/s\/e\/notoemoji\/16.0\/1f58d_fe0f\/32.png\" alt=\"\ud83d\udd8d\ufe0f\" data-emoji=\"\ud83d\udd8d\ufe0f\" aria-label=\"\ud83d\udd8d\ufe0f\" \/>\u00a0treballar la\u00a0pintura amb ceres, explorant colors, textures i combinacions,<br \/>\n<img decoding=\"async\" class=\"an1\" draggable=\"false\" src=\"https:\/\/fonts.gstatic.com\/s\/e\/notoemoji\/16.0\/1f9f5\/32.png\" alt=\"\ud83e\uddf5\" data-emoji=\"\ud83e\uddf5\" aria-label=\"\ud83e\uddf5\" \/>\u00a0endinsar-se en el m\u00f3n de la costura, descobrint la paci\u00e8ncia i precisi\u00f3 que requereix aquesta t\u00e8cnica,<br \/>\n<img decoding=\"async\" class=\"an1\" draggable=\"false\" src=\"https:\/\/fonts.gstatic.com\/s\/e\/notoemoji\/16.0\/1f9f8\/32.png\" alt=\"\ud83e\uddf8\" data-emoji=\"\ud83e\uddf8\" aria-label=\"\ud83e\uddf8\" \/>\u00a0modelar amb plastilina\u00a0per crear un simp\u00e0tic\u00a0<em>Stich<\/em>, tot desenvolupant la motricitat fina i la creativitat tridimensional,<br \/>\n<img decoding=\"async\" class=\"an1\" draggable=\"false\" src=\"https:\/\/fonts.gstatic.com\/s\/e\/notoemoji\/16.0\/1f535\/32.png\" alt=\"\ud83d\udd35\" data-emoji=\"\ud83d\udd35\" aria-label=\"\ud83d\udd35\" \/>\u00a0i\u00a0experimentar amb el punteig i la simetria, tot millorant l\u2019atenci\u00f3 i el sentit de l\u2019est\u00e8tica.<\/p>\n<p style=\"text-align: justify;\">A m\u00e9s, aquests tallers han estat una oportunitat per\u00a0fomentar el treball intercicle, on els infants de diferents cursos han compartit experi\u00e8ncies, s\u2019han ajudat i han apr\u00e8s els uns dels altres.<\/p>\n<p style=\"text-align: justify;\">Ha estat una experi\u00e8ncia molt positiva que ha omplert les aules de color, imaginaci\u00f3 i entusiasme!\u00a0<img decoding=\"async\" class=\"an1\" draggable=\"false\" src=\"https:\/\/fonts.gstatic.com\/s\/e\/notoemoji\/16.0\/1f308\/32.png\" alt=\"\ud83c\udf08\" data-emoji=\"\ud83c\udf08\" aria-label=\"\ud83c\udf08\" \/><img decoding=\"async\" class=\"an1\" draggable=\"false\" src=\"https:\/\/fonts.gstatic.com\/s\/e\/notoemoji\/16.0\/1f44f\/32.png\" alt=\"\ud83d\udc4f\" data-emoji=\"\ud83d\udc4f\" aria-label=\"\ud83d\udc4f\" \/><\/p>\n<p>&nbsp;<\/p>\n<h6 style=\"text-align: center;\"><b>Per veure les fotografies, feu clic a la pestanya FOTOS<\/b><\/h6>\n<h6 style=\"text-align: center;\"><b>(imatge de la c\u00e0mera).<\/b><\/h6>\n<h6 style=\"text-align: center;\"><b>Recordeu que, per garantir la protecci\u00f3 de dades dels menors, haureu d\u2019introduir el codi d\u2019acc\u00e9s proporcionat<\/b><\/h6>\n","protected":false},"excerpt":{"rendered":"<p>L\u2019alumnat de 3r i 4t ha finalitzat la primera volta dels tallers art\u00edstics intercicle, una proposta plena de creativitat, cooperaci\u00f3 i descobertes amb pintura, costura, modelatge i punteig.&hellip;  <a href=\"https:\/\/agora.xtec.cat\/ceip-jrj\/general\/primera-volta-dels-tallers-artistics-intercicle-%f0%9f%8e%a8%e2%9c%a8\/\" title=\"Read Primera volta dels tallers art\u00edstics intercicle \ud83c\udfa8\u2728\">Llegeix m\u00e9s\u00bb<\/a><\/p>\n","protected":false},"author":1,"featured_media":7833,"comment_status":"closed","ping_status":"closed","sticky":false,"template":"","format":"standard","meta":{"_bbp_topic_count":0,"_bbp_reply_count":0,"_bbp_total_topic_count":0,"_bbp_total_reply_count":0,"_bbp_voice_count":0,"_bbp_anonymous_reply_count":0,"_bbp_topic_count_hidden":0,"_bbp_reply_count_hidden":0,"_bbp_forum_subforum_count":0,"footnotes":""},"categories":[12,13,1,4,5],"tags":[],"class_list":["post-7830","post","type-post","status-publish","format-standard","has-post-thumbnail","hentry","category-3r","category-4t","category-general","category-portada","category-primaria"],"post_mailing_queue_ids":[],"_links":{"self":[{"href":"https:\/\/agora.xtec.cat\/ceip-jrj\/wp-json\/wp\/v2\/posts\/7830","targetHints":{"allow":["GET"]}}],"collection":[{"href":"https:\/\/agora.xtec.cat\/ceip-jrj\/wp-json\/wp\/v2\/posts"}],"about":[{"href":"https:\/\/agora.xtec.cat\/ceip-jrj\/wp-json\/wp\/v2\/types\/post"}],"author":[{"embeddable":true,"href":"https:\/\/agora.xtec.cat\/ceip-jrj\/wp-json\/wp\/v2\/users\/1"}],"replies":[{"embeddable":true,"href":"https:\/\/agora.xtec.cat\/ceip-jrj\/wp-json\/wp\/v2\/comments?post=7830"}],"version-history":[{"count":2,"href":"https:\/\/agora.xtec.cat\/ceip-jrj\/wp-json\/wp\/v2\/posts\/7830\/revisions"}],"predecessor-version":[{"id":7840,"href":"https:\/\/agora.xtec.cat\/ceip-jrj\/wp-json\/wp\/v2\/posts\/7830\/revisions\/7840"}],"wp:featuredmedia":[{"embeddable":true,"href":"https:\/\/agora.xtec.cat\/ceip-jrj\/wp-json\/wp\/v2\/media\/7833"}],"wp:attachment":[{"href":"https:\/\/agora.xtec.cat\/ceip-jrj\/wp-json\/wp\/v2\/media?parent=7830"}],"wp:term":[{"taxonomy":"category","embeddable":true,"href":"https:\/\/agora.xtec.cat\/ceip-jrj\/wp-json\/wp\/v2\/categories?post=7830"},{"taxonomy":"post_tag","embeddable":true,"href":"https:\/\/agora.xtec.cat\/ceip-jrj\/wp-json\/wp\/v2\/tags?post=7830"}],"curies":[{"name":"wp","href":"https:\/\/api.w.org\/{rel}","templated":true}]}}