{"id":7804,"date":"2025-10-10T10:53:33","date_gmt":"2025-10-10T08:53:33","guid":{"rendered":"https:\/\/agora.xtec.cat\/ceip-jrj\/?p=7804"},"modified":"2025-10-10T10:53:33","modified_gmt":"2025-10-10T08:53:33","slug":"taller-tecnocientific-la-salut-bucodental","status":"publish","type":"post","link":"https:\/\/agora.xtec.cat\/ceip-jrj\/general\/taller-tecnocientific-la-salut-bucodental\/","title":{"rendered":"Taller TecnoCient\u00edfic: la salut bucodental!"},"content":{"rendered":"<div dir=\"auto\" style=\"text-align: justify;\"><img loading=\"lazy\" decoding=\"async\" class=\"wp-image-7805 alignleft\" src=\"https:\/\/agora.xtec.cat\/ceip-jrj\/wp-content\/uploads\/usu280\/2025\/10\/IMG_20251002_120341-scaled.jpg\" alt=\"\" width=\"148\" height=\"198\" srcset=\"https:\/\/agora.xtec.cat\/ceip-jrj\/wp-content\/uploads\/usu280\/2025\/10\/IMG_20251002_120341-scaled.jpg 1920w, https:\/\/agora.xtec.cat\/ceip-jrj\/wp-content\/uploads\/usu280\/2025\/10\/IMG_20251002_120341-225x300.jpg 225w, https:\/\/agora.xtec.cat\/ceip-jrj\/wp-content\/uploads\/usu280\/2025\/10\/IMG_20251002_120341-768x1024.jpg 768w, https:\/\/agora.xtec.cat\/ceip-jrj\/wp-content\/uploads\/usu280\/2025\/10\/IMG_20251002_120341-1152x1536.jpg 1152w, https:\/\/agora.xtec.cat\/ceip-jrj\/wp-content\/uploads\/usu280\/2025\/10\/IMG_20251002_120341-1536x2048.jpg 1536w\" sizes=\"auto, (max-width: 148px) 100vw, 148px\" \/>La setmana passada, l\u2019alumnat de 3r de prim\u00e0ria va participar activament en una nova sessi\u00f3 del taller TecnoCient\u00edfic, en la qual vam posar en pr\u00e0ctica tot all\u00f2 que hem apr\u00e8s sobre la salut bucodental.<\/div>\n<div dir=\"auto\" style=\"text-align: justify;\"><\/div>\n<div dir=\"auto\" style=\"text-align: justify;\">A trav\u00e9s d&#8217;una activitat pr\u00e0ctica, vam descobrir com podem mantenir unes dents fortes i sanes i la import\u00e0ncia de tenir cura de la nostra higiene bucal cada dia.<\/div>\n<div dir=\"auto\" style=\"text-align: justify;\"><\/div>\n<div dir=\"auto\" style=\"text-align: justify;\">L\u2019objectiu d\u2019aquesta activitat \u00e9s fomentar h\u00e0bits saludables d\u2019una manera divertida i vivencial, tot refor\u00e7ant els coneixements treballats a l\u2019aula i prenent consci\u00e8ncia de la import\u00e0ncia de cuidar la nostra salut des de ben petits.<\/div>\n<div dir=\"auto\"><\/div>\n<div dir=\"auto\"><\/div>\n<div dir=\"auto\">\n<h6 style=\"text-align: center;\"><b>Per veure les fotografies, feu clic a la pestanya FOTOS (imatge de la c\u00e0mera).<\/b><\/h6>\n<h6 style=\"text-align: center;\"><b>Recordeu que, per garantir la protecci\u00f3 de dades dels menors, haureu d\u2019introduir el codi d\u2019acc\u00e9s proporcionat.<\/b><\/h6>\n<\/div>\n","protected":false},"excerpt":{"rendered":"<p>L\u2019alumnat de 3r ha treballat la salut bucodental al taller TecnoCient\u00edfic, aprenent a cuidar les dents d\u2019una manera divertida.&hellip;  <a href=\"https:\/\/agora.xtec.cat\/ceip-jrj\/general\/taller-tecnocientific-la-salut-bucodental\/\" title=\"Read Taller TecnoCient\u00edfic: la salut bucodental!\">Llegeix m\u00e9s\u00bb<\/a><\/p>\n","protected":false},"author":1,"featured_media":7806,"comment_status":"closed","ping_status":"closed","sticky":false,"template":"","format":"standard","meta":{"_bbp_topic_count":0,"_bbp_reply_count":0,"_bbp_total_topic_count":0,"_bbp_total_reply_count":0,"_bbp_voice_count":0,"_bbp_anonymous_reply_count":0,"_bbp_topic_count_hidden":0,"_bbp_reply_count_hidden":0,"_bbp_forum_subforum_count":0,"footnotes":""},"categories":[12,1,4,5],"tags":[],"class_list":["post-7804","post","type-post","status-publish","format-standard","has-post-thumbnail","hentry","category-3r","category-general","category-portada","category-primaria"],"post_mailing_queue_ids":[],"_links":{"self":[{"href":"https:\/\/agora.xtec.cat\/ceip-jrj\/wp-json\/wp\/v2\/posts\/7804","targetHints":{"allow":["GET"]}}],"collection":[{"href":"https:\/\/agora.xtec.cat\/ceip-jrj\/wp-json\/wp\/v2\/posts"}],"about":[{"href":"https:\/\/agora.xtec.cat\/ceip-jrj\/wp-json\/wp\/v2\/types\/post"}],"author":[{"embeddable":true,"href":"https:\/\/agora.xtec.cat\/ceip-jrj\/wp-json\/wp\/v2\/users\/1"}],"replies":[{"embeddable":true,"href":"https:\/\/agora.xtec.cat\/ceip-jrj\/wp-json\/wp\/v2\/comments?post=7804"}],"version-history":[{"count":1,"href":"https:\/\/agora.xtec.cat\/ceip-jrj\/wp-json\/wp\/v2\/posts\/7804\/revisions"}],"predecessor-version":[{"id":7807,"href":"https:\/\/agora.xtec.cat\/ceip-jrj\/wp-json\/wp\/v2\/posts\/7804\/revisions\/7807"}],"wp:featuredmedia":[{"embeddable":true,"href":"https:\/\/agora.xtec.cat\/ceip-jrj\/wp-json\/wp\/v2\/media\/7806"}],"wp:attachment":[{"href":"https:\/\/agora.xtec.cat\/ceip-jrj\/wp-json\/wp\/v2\/media?parent=7804"}],"wp:term":[{"taxonomy":"category","embeddable":true,"href":"https:\/\/agora.xtec.cat\/ceip-jrj\/wp-json\/wp\/v2\/categories?post=7804"},{"taxonomy":"post_tag","embeddable":true,"href":"https:\/\/agora.xtec.cat\/ceip-jrj\/wp-json\/wp\/v2\/tags?post=7804"}],"curies":[{"name":"wp","href":"https:\/\/api.w.org\/{rel}","templated":true}]}}