{"id":7783,"date":"2025-10-06T05:34:46","date_gmt":"2025-10-06T03:34:46","guid":{"rendered":"https:\/\/agora.xtec.cat\/ceip-jrj\/?p=7783"},"modified":"2025-10-06T20:06:40","modified_gmt":"2025-10-06T18:06:40","slug":"la-nostra-escola-quarta-al-cros-escolar-de-martorell","status":"publish","type":"post","link":"https:\/\/agora.xtec.cat\/ceip-jrj\/general\/la-nostra-escola-quarta-al-cros-escolar-de-martorell\/","title":{"rendered":"Gran \u00e8xit de la nostra escola: guanyadors i segons classificats al Cros Escolar de Martorell"},"content":{"rendered":"<p data-start=\"288\" data-end=\"625\"><a href=\"https:\/\/agora.xtec.cat\/ceip-jrj\/wp-content\/uploads\/usu280\/2025\/10\/Sin-titulo.png\"><img loading=\"lazy\" decoding=\"async\" class=\"wp-image-7784 alignleft\" src=\"https:\/\/agora.xtec.cat\/ceip-jrj\/wp-content\/uploads\/usu280\/2025\/10\/Sin-titulo.png\" alt=\"\" width=\"209\" height=\"326\" srcset=\"https:\/\/agora.xtec.cat\/ceip-jrj\/wp-content\/uploads\/usu280\/2025\/10\/Sin-titulo.png 416w, https:\/\/agora.xtec.cat\/ceip-jrj\/wp-content\/uploads\/usu280\/2025\/10\/Sin-titulo-193x300.png 193w\" sizes=\"auto, (max-width: 209px) 100vw, 209px\" \/><\/a>El passat diumenge 5 d\u2019octubre, el nostre alumnat va participar al XVII Cros Escolar Festes del Roser, organitzat pel Martorell Atl\u00e8tic Club al Complex Esportiu Torrent de Llops. La jornada va reunir centenars d\u2019infants i joves de les escoles i instituts de Martorell en un mat\u00ed ple d\u2019esport, esfor\u00e7 i companyonia.<\/p>\n<p data-start=\"169\" data-end=\"496\">La nostra escola va tenir una participaci\u00f3 molt destacada, aconseguint guanyar i classificar-nos en segona posici\u00f3 en la classificaci\u00f3 general per escoles. \ud83c\udfc6<br data-start=\"331\" data-end=\"334\" \/>Volem felicitar tot l\u2019alumnat participant pel seu esfor\u00e7 i entusiasme, i especialment l\u2019alumna G.A., que va assolir el primer lloc en la seva categoria.<\/p>\n<p data-start=\"498\" data-end=\"791\">A m\u00e9s, pares i mares de la nostra escola tamb\u00e9 van c\u00f3rrer, compartint l\u2019experi\u00e8ncia i fent visible l\u2019esperit de col\u00b7laboraci\u00f3 que ens caracteritza. Aquesta implicaci\u00f3 de tota la comunitat educativa \u2014fam\u00edlies, alumnat i mestres\u2014 demostra que quan ens unim, fem escola i fem comunitat.<\/p>\n<p data-start=\"793\" data-end=\"920\">Gr\u00e0cies a tots i a totes per contribuir a fer del Juan Ram\u00f3n Jim\u00e9nez un espai de cohesi\u00f3, participaci\u00f3 i conviv\u00e8ncia.<\/p>\n<h6><\/h6>\n<h6 style=\"text-align: center;\"><b>Per veure les fotografies, feu clic a la pestanya FOTOS (imatge de la c\u00e0mera).<\/b><\/h6>\n<h6 style=\"text-align: center;\"><b>Recordeu que, per garantir la protecci\u00f3 de dades dels menors, haureu d\u2019introduir el codi d\u2019acc\u00e9s proporcionat.<\/b><\/h6>\n","protected":false},"excerpt":{"rendered":"<p>El passat diumenge 5 d\u2019octubre, el nostre alumnat va participar al XVII Cros Escolar Festes del Roser, organitzat pel Martorell Atl\u00e8tic Club al Complex Esportiu Torrent de Llops.&hellip;  <a href=\"https:\/\/agora.xtec.cat\/ceip-jrj\/general\/la-nostra-escola-quarta-al-cros-escolar-de-martorell\/\" title=\"Read Gran \u00e8xit de la nostra escola: guanyadors i segons classificats al Cros Escolar de Martorell\">Llegeix m\u00e9s\u00bb<\/a><\/p>\n","protected":false},"author":9,"featured_media":7785,"comment_status":"closed","ping_status":"closed","sticky":false,"template":"","format":"standard","meta":{"_bbp_topic_count":0,"_bbp_reply_count":0,"_bbp_total_topic_count":0,"_bbp_total_reply_count":0,"_bbp_voice_count":0,"_bbp_anonymous_reply_count":0,"_bbp_topic_count_hidden":0,"_bbp_reply_count_hidden":0,"_bbp_forum_subforum_count":0,"footnotes":""},"categories":[1,2,4,5],"tags":[],"class_list":["post-7783","post","type-post","status-publish","format-standard","has-post-thumbnail","hentry","category-general","category-infantil","category-portada","category-primaria"],"post_mailing_queue_ids":[],"_links":{"self":[{"href":"https:\/\/agora.xtec.cat\/ceip-jrj\/wp-json\/wp\/v2\/posts\/7783","targetHints":{"allow":["GET"]}}],"collection":[{"href":"https:\/\/agora.xtec.cat\/ceip-jrj\/wp-json\/wp\/v2\/posts"}],"about":[{"href":"https:\/\/agora.xtec.cat\/ceip-jrj\/wp-json\/wp\/v2\/types\/post"}],"author":[{"embeddable":true,"href":"https:\/\/agora.xtec.cat\/ceip-jrj\/wp-json\/wp\/v2\/users\/9"}],"replies":[{"embeddable":true,"href":"https:\/\/agora.xtec.cat\/ceip-jrj\/wp-json\/wp\/v2\/comments?post=7783"}],"version-history":[{"count":5,"href":"https:\/\/agora.xtec.cat\/ceip-jrj\/wp-json\/wp\/v2\/posts\/7783\/revisions"}],"predecessor-version":[{"id":7791,"href":"https:\/\/agora.xtec.cat\/ceip-jrj\/wp-json\/wp\/v2\/posts\/7783\/revisions\/7791"}],"wp:featuredmedia":[{"embeddable":true,"href":"https:\/\/agora.xtec.cat\/ceip-jrj\/wp-json\/wp\/v2\/media\/7785"}],"wp:attachment":[{"href":"https:\/\/agora.xtec.cat\/ceip-jrj\/wp-json\/wp\/v2\/media?parent=7783"}],"wp:term":[{"taxonomy":"category","embeddable":true,"href":"https:\/\/agora.xtec.cat\/ceip-jrj\/wp-json\/wp\/v2\/categories?post=7783"},{"taxonomy":"post_tag","embeddable":true,"href":"https:\/\/agora.xtec.cat\/ceip-jrj\/wp-json\/wp\/v2\/tags?post=7783"}],"curies":[{"name":"wp","href":"https:\/\/api.w.org\/{rel}","templated":true}]}}