{"id":7771,"date":"2025-09-29T15:40:01","date_gmt":"2025-09-29T13:40:01","guid":{"rendered":"https:\/\/agora.xtec.cat\/ceip-jrj\/?p=7771"},"modified":"2025-09-29T15:40:01","modified_gmt":"2025-09-29T13:40:01","slug":"sortida-de-1r-i-2n-a-can-julia","status":"publish","type":"post","link":"https:\/\/agora.xtec.cat\/ceip-jrj\/general\/sortida-de-1r-i-2n-a-can-julia\/","title":{"rendered":"Sortida de 1r i 2n a Can Juli\u00e0"},"content":{"rendered":"<p style=\"text-align: justify;\" data-start=\"105\" data-end=\"345\"><img loading=\"lazy\" decoding=\"async\" class=\"wp-image-7772 alignleft\" src=\"https:\/\/agora.xtec.cat\/ceip-jrj\/wp-content\/uploads\/usu280\/2025\/09\/f33c41d6-6984-46b1-8c42-34abb86de87e.jpg\" alt=\"\" width=\"267\" height=\"357\" srcset=\"https:\/\/agora.xtec.cat\/ceip-jrj\/wp-content\/uploads\/usu280\/2025\/09\/f33c41d6-6984-46b1-8c42-34abb86de87e.jpg 1200w, https:\/\/agora.xtec.cat\/ceip-jrj\/wp-content\/uploads\/usu280\/2025\/09\/f33c41d6-6984-46b1-8c42-34abb86de87e-225x300.jpg 225w, https:\/\/agora.xtec.cat\/ceip-jrj\/wp-content\/uploads\/usu280\/2025\/09\/f33c41d6-6984-46b1-8c42-34abb86de87e-768x1024.jpg 768w, https:\/\/agora.xtec.cat\/ceip-jrj\/wp-content\/uploads\/usu280\/2025\/09\/f33c41d6-6984-46b1-8c42-34abb86de87e-1152x1536.jpg 1152w\" sizes=\"auto, (max-width: 267px) 100vw, 267px\" \/>Els nens i nenes de 1r i 2n han viscut una <strong data-start=\"148\" data-end=\"173\">jornada molt especial<\/strong> durant la sortida a <strong data-start=\"194\" data-end=\"207\">Can Juli\u00e0<\/strong>. Al llarg del dia han pogut gaudir d\u2019un seguit d\u2019activitats pensades per fomentar la <strong data-start=\"293\" data-end=\"342\">cohesi\u00f3, la creativitat i el treball en equip<\/strong>.<\/p>\n<p style=\"text-align: justify;\" data-start=\"347\" data-end=\"533\">En primer lloc, van participar en una <strong data-start=\"385\" data-end=\"419\">din\u00e0mica seq\u00fcencial relacional<\/strong>, amb diferents jocs que els van ajudar a con\u00e8ixer-se millor, establir vincles i interactuar entre ells i elles.<\/p>\n<p style=\"text-align: justify;\" data-start=\"535\" data-end=\"720\">Tot seguit, a trav\u00e9s de les seves pr\u00f2pies propostes i arribant a acords, van crear <strong data-start=\"618\" data-end=\"641\">mandales amb el cos<\/strong>, una experi\u00e8ncia que va posar en valor la cooperaci\u00f3 i l\u2019expressi\u00f3 conjunta.<\/p>\n<p style=\"text-align: justify;\" data-start=\"722\" data-end=\"922\">Finalment, van elaborar un <strong data-start=\"749\" data-end=\"782\">petit mural amb boles de fang<\/strong>: partint d\u2019una creaci\u00f3 individual, cada infant va contribuir a construir una <strong data-start=\"860\" data-end=\"883\">mandala col\u00b7lectiva<\/strong> que reflectia l\u2019aportaci\u00f3 de tothom.<\/p>\n<p style=\"text-align: justify;\" data-start=\"924\" data-end=\"1052\">Ha estat una <strong data-start=\"937\" data-end=\"996\">sortida plena de descobertes, creativitat i conviv\u00e8ncia<\/strong> que volem compartir amb vosaltres amb molta il\u00b7lusi\u00f3.<\/p>\n<p data-start=\"924\" data-end=\"1052\">\n<h6 style=\"text-align: center;\"><b>Per veure les fotografies, feu clic a la pestanya FOTOS (imatge de la c\u00e0mera).<\/b><\/h6>\n<h6 style=\"text-align: center;\"><b>Recordeu que, per garantir la protecci\u00f3 de dades dels menors, haureu d\u2019introduir el codi d\u2019acc\u00e9s proporcionat.<\/b><\/h6>\n","protected":false},"excerpt":{"rendered":"<p>L\u2019alumnat de 1r i 2n ha gaudit d\u2019una sortida a Can Juli\u00e0 plena de jocs, creativitat i conviv\u00e8ncia, fomentant la cohesi\u00f3 i el treball en equip.&hellip;  <a href=\"https:\/\/agora.xtec.cat\/ceip-jrj\/general\/sortida-de-1r-i-2n-a-can-julia\/\" title=\"Read Sortida de 1r i 2n a Can Juli\u00e0\">Llegeix m\u00e9s\u00bb<\/a><\/p>\n","protected":false},"author":1,"featured_media":7773,"comment_status":"closed","ping_status":"closed","sticky":false,"template":"","format":"standard","meta":{"_bbp_topic_count":0,"_bbp_reply_count":0,"_bbp_total_topic_count":0,"_bbp_total_reply_count":0,"_bbp_voice_count":0,"_bbp_anonymous_reply_count":0,"_bbp_topic_count_hidden":0,"_bbp_reply_count_hidden":0,"_bbp_forum_subforum_count":0,"footnotes":""},"categories":[10,11,1,4,5],"tags":[],"class_list":["post-7771","post","type-post","status-publish","format-standard","has-post-thumbnail","hentry","category-1r","category-2n","category-general","category-portada","category-primaria"],"post_mailing_queue_ids":[],"_links":{"self":[{"href":"https:\/\/agora.xtec.cat\/ceip-jrj\/wp-json\/wp\/v2\/posts\/7771","targetHints":{"allow":["GET"]}}],"collection":[{"href":"https:\/\/agora.xtec.cat\/ceip-jrj\/wp-json\/wp\/v2\/posts"}],"about":[{"href":"https:\/\/agora.xtec.cat\/ceip-jrj\/wp-json\/wp\/v2\/types\/post"}],"author":[{"embeddable":true,"href":"https:\/\/agora.xtec.cat\/ceip-jrj\/wp-json\/wp\/v2\/users\/1"}],"replies":[{"embeddable":true,"href":"https:\/\/agora.xtec.cat\/ceip-jrj\/wp-json\/wp\/v2\/comments?post=7771"}],"version-history":[{"count":1,"href":"https:\/\/agora.xtec.cat\/ceip-jrj\/wp-json\/wp\/v2\/posts\/7771\/revisions"}],"predecessor-version":[{"id":7774,"href":"https:\/\/agora.xtec.cat\/ceip-jrj\/wp-json\/wp\/v2\/posts\/7771\/revisions\/7774"}],"wp:featuredmedia":[{"embeddable":true,"href":"https:\/\/agora.xtec.cat\/ceip-jrj\/wp-json\/wp\/v2\/media\/7773"}],"wp:attachment":[{"href":"https:\/\/agora.xtec.cat\/ceip-jrj\/wp-json\/wp\/v2\/media?parent=7771"}],"wp:term":[{"taxonomy":"category","embeddable":true,"href":"https:\/\/agora.xtec.cat\/ceip-jrj\/wp-json\/wp\/v2\/categories?post=7771"},{"taxonomy":"post_tag","embeddable":true,"href":"https:\/\/agora.xtec.cat\/ceip-jrj\/wp-json\/wp\/v2\/tags?post=7771"}],"curies":[{"name":"wp","href":"https:\/\/api.w.org\/{rel}","templated":true}]}}