{"id":7766,"date":"2025-09-25T09:31:51","date_gmt":"2025-09-25T07:31:51","guid":{"rendered":"https:\/\/agora.xtec.cat\/ceip-jrj\/?p=7766"},"modified":"2025-09-25T09:31:51","modified_gmt":"2025-09-25T07:31:51","slug":"primera-sortida-de-6e-descobrint-la-colonia-guell","status":"publish","type":"post","link":"https:\/\/agora.xtec.cat\/ceip-jrj\/general\/primera-sortida-de-6e-descobrint-la-colonia-guell\/","title":{"rendered":"Primera sortida de 6\u00e8: descobrint la Col\u00f2nia G\u00fcell"},"content":{"rendered":"<p data-start=\"122\" data-end=\"256\"><img loading=\"lazy\" decoding=\"async\" class=\"wp-image-7768 alignleft\" src=\"https:\/\/agora.xtec.cat\/ceip-jrj\/wp-content\/uploads\/usu280\/2025\/09\/Diseno-sin-titulo-4.png\" alt=\"\" width=\"250\" height=\"177\" srcset=\"https:\/\/agora.xtec.cat\/ceip-jrj\/wp-content\/uploads\/usu280\/2025\/09\/Diseno-sin-titulo-4.png 2000w, https:\/\/agora.xtec.cat\/ceip-jrj\/wp-content\/uploads\/usu280\/2025\/09\/Diseno-sin-titulo-4-300x212.png 300w, https:\/\/agora.xtec.cat\/ceip-jrj\/wp-content\/uploads\/usu280\/2025\/09\/Diseno-sin-titulo-4-1024x724.png 1024w, https:\/\/agora.xtec.cat\/ceip-jrj\/wp-content\/uploads\/usu280\/2025\/09\/Diseno-sin-titulo-4-768x543.png 768w, https:\/\/agora.xtec.cat\/ceip-jrj\/wp-content\/uploads\/usu280\/2025\/09\/Diseno-sin-titulo-4-1536x1086.png 1536w\" sizes=\"auto, (max-width: 250px) 100vw, 250px\" \/>El passat divendres, els alumnes de sis\u00e8 van gaudir de la seva <strong data-start=\"185\" data-end=\"214\">primera excursi\u00f3 del curs<\/strong> amb una sortida a la <strong data-start=\"236\" data-end=\"253\">Col\u00f2nia G\u00fcell<\/strong>.<\/p>\n<p data-start=\"258\" data-end=\"641\">Va ser una jornada molt enriquidora en la qual es van combinar <strong data-start=\"321\" data-end=\"360\">aprenentatge, descoberta i diversi\u00f3<\/strong>. A trav\u00e9s de la visita, els nois i noies van poder con\u00e8ixer de prop <strong data-start=\"429\" data-end=\"469\">com vivia la comunitat de la col\u00f2nia<\/strong>, la seva <strong data-start=\"479\" data-end=\"502\">hist\u00f2ria industrial<\/strong> i, sobretot, descobrir l\u2019impressionant valor arquitect\u00f2nic de la <strong data-start=\"568\" data-end=\"587\">Cripta de Gaud\u00ed<\/strong>, declarada Patrimoni de la Humanitat per la UNESCO.<\/p>\n<p data-start=\"643\" data-end=\"859\">L\u2019experi\u00e8ncia va permetre als infants apropar-se d\u2019una manera vivencial a un dels conjunts hist\u00f2rics i art\u00edstics m\u00e9s rellevants del nostre entorn, alhora que van compartir una jornada de conviv\u00e8ncia fora de l\u2019aula.<\/p>\n<p data-start=\"861\" data-end=\"966\">En definitiva, una sortida que ens obre les portes a un curs ple de noves experi\u00e8ncies i aprenentatges.<\/p>\n<p data-start=\"861\" data-end=\"966\">\n<h6 style=\"text-align: center;\"><b>Per veure les fotografies, feu clic a la pestanya FOTOS (imatge de la c\u00e0mera).<\/b><\/h6>\n<h6 style=\"text-align: center;\"><b>Recordeu que, per garantir la protecci\u00f3 de dades dels menors, haureu d\u2019introduir el codi d\u2019acc\u00e9s proporcionat.<\/b><\/h6>\n","protected":false},"excerpt":{"rendered":"<p>L\u2019alumnat de 6\u00e8 inicia el curs amb una sortida a la Col\u00f2nia G\u00fcell: aprenentatge, descoberta i diversi\u00f3.&hellip;  <a href=\"https:\/\/agora.xtec.cat\/ceip-jrj\/general\/primera-sortida-de-6e-descobrint-la-colonia-guell\/\" title=\"Read Primera sortida de 6\u00e8: descobrint la Col\u00f2nia G\u00fcell\">Llegeix m\u00e9s\u00bb<\/a><\/p>\n","protected":false},"author":1,"featured_media":7767,"comment_status":"closed","ping_status":"closed","sticky":false,"template":"","format":"standard","meta":{"_bbp_topic_count":0,"_bbp_reply_count":0,"_bbp_total_topic_count":0,"_bbp_total_reply_count":0,"_bbp_voice_count":0,"_bbp_anonymous_reply_count":0,"_bbp_topic_count_hidden":0,"_bbp_reply_count_hidden":0,"_bbp_forum_subforum_count":0,"footnotes":""},"categories":[15,1,4,5],"tags":[],"class_list":["post-7766","post","type-post","status-publish","format-standard","has-post-thumbnail","hentry","category-6e","category-general","category-portada","category-primaria"],"post_mailing_queue_ids":[],"_links":{"self":[{"href":"https:\/\/agora.xtec.cat\/ceip-jrj\/wp-json\/wp\/v2\/posts\/7766","targetHints":{"allow":["GET"]}}],"collection":[{"href":"https:\/\/agora.xtec.cat\/ceip-jrj\/wp-json\/wp\/v2\/posts"}],"about":[{"href":"https:\/\/agora.xtec.cat\/ceip-jrj\/wp-json\/wp\/v2\/types\/post"}],"author":[{"embeddable":true,"href":"https:\/\/agora.xtec.cat\/ceip-jrj\/wp-json\/wp\/v2\/users\/1"}],"replies":[{"embeddable":true,"href":"https:\/\/agora.xtec.cat\/ceip-jrj\/wp-json\/wp\/v2\/comments?post=7766"}],"version-history":[{"count":1,"href":"https:\/\/agora.xtec.cat\/ceip-jrj\/wp-json\/wp\/v2\/posts\/7766\/revisions"}],"predecessor-version":[{"id":7769,"href":"https:\/\/agora.xtec.cat\/ceip-jrj\/wp-json\/wp\/v2\/posts\/7766\/revisions\/7769"}],"wp:featuredmedia":[{"embeddable":true,"href":"https:\/\/agora.xtec.cat\/ceip-jrj\/wp-json\/wp\/v2\/media\/7767"}],"wp:attachment":[{"href":"https:\/\/agora.xtec.cat\/ceip-jrj\/wp-json\/wp\/v2\/media?parent=7766"}],"wp:term":[{"taxonomy":"category","embeddable":true,"href":"https:\/\/agora.xtec.cat\/ceip-jrj\/wp-json\/wp\/v2\/categories?post=7766"},{"taxonomy":"post_tag","embeddable":true,"href":"https:\/\/agora.xtec.cat\/ceip-jrj\/wp-json\/wp\/v2\/tags?post=7766"}],"curies":[{"name":"wp","href":"https:\/\/api.w.org\/{rel}","templated":true}]}}